{"id":9999,"date":"2019-04-05T16:28:21","date_gmt":"2019-04-05T22:28:21","guid":{"rendered":"http:\/\/www.corregidora.gob.mx\/portal\/?p=9999"},"modified":"2019-04-08T16:32:19","modified_gmt":"2019-04-08T21:32:19","slug":"prepara-proteccion-civil-operativo-por-semana-santa","status":"publish","type":"post","link":"https:\/\/corregidora.gob.mx\/portal\/prepara-proteccion-civil-operativo-por-semana-santa\/","title":{"rendered":"Prepara Protecci\u00f3n Civil operativo por Semana Santa"},"content":{"rendered":"<ul>\n<li><em>Emiten recomendaciones a la poblaci\u00f3n para prevenir accidentes.<\/em><\/li>\n<li><em>Se monitorean los cuerpos de agua.<\/em><\/li>\n<\/ul>\n<p><!--more--><\/p>\n<p>&nbsp;<\/p>\n<p>Protecci\u00f3n Civil Municipal de Corregidora reforzar\u00e1 el operativo de prevenci\u00f3n durante la temporada de calor y en vacaciones de Semana Santa, a fin de evitar que las personas ingresen a realizar actividades acu\u00e1ticas en presas o bordos, y para atender incidencias que pudieran surgir en las carreteras o durante las representaciones del <em>Viacrucis<\/em>.<\/p>\n<p>\u201cRecomendamos a la poblaci\u00f3n que no se acerquen a estos cuerpos de agua, no es un \u00e1rea recreativa como para que ingresen a hacer actividades acu\u00e1ticas ya que es peligroso, hacemos los recorridos en conjunto con Seguridad P\u00fablica para ver si hay gente y retirarla del lugar, o para ver si hay una zona de riesgo\u201d, indic\u00f3 Omar Aguilar Lugo, director municipal de Protecci\u00f3n Civil.<\/p>\n<p>Se\u00f1al\u00f3 que el operativo ser\u00e1 de manera permanente durante la temporada de calor, y se intensifica los fines de semana, e indic\u00f3 que los cuerpos de agua con capacidad actualmente son la Presa del Bat\u00e1n que est\u00e1 al 37 por ciento de su capacidad; Presa de Bravo al 30 por ciento y Bravo al 40 por ciento, mientras que en Charco Blanco est\u00e1n en niveles bajos aunque igualmente se monitorean, con al menos tres recorridos por d\u00eda.<\/p>\n<p>\u201cPor Semana Santa se intensifica, hay m\u00e1s recorridos, tenemos a toda la direcci\u00f3n trabajando y Seguridad P\u00fablica nos apoya en todos los recorridos con las unidades\u201d, explic\u00f3 Omar Aguilar, quien agreg\u00f3 que se va a montar un puesto en los tramos carreteros y se realizan recorridos viales para apoyar ante alg\u00fan percance.<\/p>\n<p>Adem\u00e1s se estar\u00e1n muy atentos al llamado de la ciudadan\u00eda en esta temporada vacacional, ya que es \u00e9poca en que incrementan los hechos de tr\u00e1nsito, principalmente por descuidos, mal mantenimiento de los veh\u00edculos, uso de dispositivos m\u00f3viles y sobre todo, la ingesta de bebidas alcoh\u00f3licas, detall\u00f3.<\/p>\n<p>Dijo que en la representaci\u00f3n del Viacrucis lo que m\u00e1s se atiende son insolaciones y recomend\u00f3 tanto a los asistentes como a los actores que participan en la representaci\u00f3n que desayunen antes de salir de casa, que tomen sus medicamentos y se hidraten, para evitar golpes de calor.<\/p>\n<p>Y en general para la temporada utilizar protector solar, ropa de manga larga, que se cubran de los rayos del sol, que revisen su veh\u00edculo si van a salir, y est\u00e9n pendientes de ni\u00f1os y adultos mayores para prevenir deshidrataciones, adem\u00e1s de tener presente el tel\u00e9fono de emergencias 911.<\/p>\n<p>Abund\u00f3 que Protecci\u00f3n Civil cuenta con tres ambulancias, camiones contra incendio, veh\u00edculos de ataque r\u00e1pido, mismos que estar\u00e1n distribuidos en donde se lleven a cabo las representaciones del <em>Viacrucis, <\/em>\u00a0\u201cuno de los m\u00e1s fuertes que tenemos son Los Olvera, Santa B\u00e1rbara, la misma cabecera municipal donde nos llega mucha gente, todos tienen cobertura por parte de Protecci\u00f3n Civil\u201d, mencion\u00f3.<\/p>\n<style>#jtg-128 .modula-item .jtg-social a, .lightbox-socials.jtg-social a{ fill: #ffffff; color: #ffffff }#jtg-128 .modula-item .jtg-social-mobile a{ fill: #ffffff; color: #ffffff }#jtg-128 .modula-item .jtg-social svg, .lightbox-socials.jtg-social svg { height: 16px; width: 16px }#jtg-128 .modula-item .jtg-social-mobile svg { height: 16px; width: 16px }#jtg-128 .modula-item .jtg-social a:not(:last-child), .lightbox-socials.jtg-social a:not(:last-child) { margin-right: 10px }#jtg-128 .modula-item .jtg-social-mobile .jtg-social-mobile-icons a:not(:last-child){ margin-right: 10px }#jtg-128 .modula-item .figc {color:#ffffff;}#jtg-128 .modula-item .figc .jtg-title {  font-size: 16px; }#jtg-128 .modula-item .modula-item-content { transform: scale(1) }#jtg-128 { width:100%;}#jtg-128 .modula-items{height:800px;}@media screen and (max-width: 992px) {#jtg-128 .modula-items{height:800px;}}@media screen and (max-width: 768px) {#jtg-128 .modula-items{height:800px;}}#jtg-128 .modula-items .figc p.description { font-size:14px; }#jtg-128 .modula-items .figc p.description { color:#ffffff;}#jtg-128 .modula-items .figc .jtg-title { color:#ffffff; }#jtg-128.modula-gallery .modula-item > a, #jtg-128.modula-gallery .modula-item, #jtg-128.modula-gallery .modula-item-content > a:not(.modula-no-follow) { cursor:zoom-in; } #jtg-128.modula-gallery .modula-item-content .modula-no-follow { cursor: default; } @media screen and (max-width:480px){#jtg-128 .modula-item .figc .jtg-title {  font-size: 12px; }#jtg-128 .modula-items .figc p.description { color:#ffffff;font-size:10px; }}<\/style>\n<div  id=\"jtg-128\" class=\"modula modula-gallery modula-creative-gallery\" data-config=\"{&quot;height&quot;:800,&quot;tabletHeight&quot;:800,&quot;mobileHeight&quot;:800,&quot;desktopHeight&quot;:800,&quot;enableTwitter&quot;:true,&quot;enableWhatsapp&quot;:false,&quot;enableFacebook&quot;:true,&quot;enablePinterest&quot;:true,&quot;enableLinkedin&quot;:false,&quot;enableEmail&quot;:false,&quot;randomFactor&quot;:0.5,&quot;type&quot;:&quot;creative-gallery&quot;,&quot;columns&quot;:12,&quot;gutter&quot;:10,&quot;mobileGutter&quot;:10,&quot;tabletGutter&quot;:10,&quot;desktopGutter&quot;:10,&quot;enableResponsive&quot;:0,&quot;tabletColumns&quot;:2,&quot;mobileColumns&quot;:1,&quot;lazyLoad&quot;:1,&quot;lightboxOpts&quot;:{&quot;animated&quot;:true,&quot;Thumbs&quot;:{&quot;type&quot;:&quot;modern&quot;,&quot;showOnStart&quot;:false},&quot;Toolbar&quot;:{&quot;display&quot;:{&quot;right&quot;:[&quot;close&quot;]},&quot;enabled&quot;:true},&quot;Carousel&quot;:{&quot;Panzoom&quot;:{&quot;touch&quot;:false},&quot;infinite&quot;:false},&quot;keyboard&quot;:{&quot;Escape&quot;:&quot;close&quot;,&quot;Delete&quot;:&quot;close&quot;,&quot;Backspace&quot;:&quot;close&quot;,&quot;PageUp&quot;:false,&quot;PageDown&quot;:false,&quot;ArrowUp&quot;:false,&quot;ArrowDown&quot;:false,&quot;ArrowRight&quot;:false,&quot;ArrowLeft&quot;:false},&quot;touch&quot;:false,&quot;backdropClick&quot;:false,&quot;l10n&quot;:{&quot;CLOSE&quot;:&quot;Close&quot;,&quot;NEXT&quot;:&quot;Next&quot;,&quot;PREV&quot;:&quot;Previous&quot;,&quot;Error&quot;:&quot;The requested content cannot be loaded. Please try again later.&quot;,&quot;PLAY_START&quot;:&quot;Start slideshow&quot;,&quot;PLAY_STOP&quot;:&quot;Pause slideshow&quot;,&quot;FULL_SCREEN&quot;:&quot;Full screen&quot;,&quot;THUMBS&quot;:&quot;Thumbnails&quot;,&quot;DOWNLOAD&quot;:&quot;Download&quot;,&quot;SHARE&quot;:&quot;Share&quot;,&quot;ZOOM&quot;:&quot;Zoom&quot;,&quot;EMAIL&quot;:&quot;Here is the link to the image : %%image_link%% and this is the link to the gallery : %%gallery_link%%&quot;,&quot;MODAL&quot;:&quot;You can close this modal content with the ESC key&quot;,&quot;ERROR&quot;:&quot;Something Went Wrong, Please Try Again Later&quot;,&quot;IMAGE_ERROR&quot;:&quot;Image Not Found&quot;,&quot;ELEMENT_NOT_FOUND&quot;:&quot;HTML Element Not Found&quot;,&quot;AJAX_NOT_FOUND&quot;:&quot;Error Loading AJAX : Not Found&quot;,&quot;AJAX_FORBIDDEN&quot;:&quot;Error Loading AJAX : Forbidden&quot;,&quot;IFRAME_ERROR&quot;:&quot;Error Loading Page&quot;,&quot;TOGGLE_ZOOM&quot;:&quot;Toggle zoom level&quot;,&quot;TOGGLE_THUMBS&quot;:&quot;Toggle thumbnails&quot;,&quot;TOGGLE_SLIDESHOW&quot;:&quot;Toggle slideshow&quot;,&quot;TOGGLE_FULLSCREEN&quot;:&quot;Toggle full-screen mode&quot;},&quot;Images&quot;:{&quot;Panzoom&quot;:{&quot;maxScale&quot;:2}},&quot;mainClass&quot;:&quot;modula-fancybox-container modula-lightbox-jtg-128&quot;,&quot;Html&quot;:{&quot;videoAutoplay&quot;:0,&quot;videoTpl&quot;:&quot;&lt;video class=\\&quot;fancybox__html5video\\&quot; controls muted playsinline controlsList controlsList=\\&quot;nodownload\\&quot; poster=\\&quot;{{poster}}\\&quot; src=\\&quot;{{src}}\\&quot; type=\\&quot;{{format}}\\&quot; &gt;  Sorry, your browser doesn&#039;t support embedded videos, &lt;a href=\\&quot;{{src}}\\&quot;&gt; download &lt;\\\/a&gt; and watch with your favorite video player! &lt;\\\/video&gt;&quot;}},&quot;inView&quot;:false,&quot;email_subject&quot;:&quot;Check out this awesome image !!&quot;,&quot;email_message&quot;:&quot;Here is the link to the image : %%image_link%% and this is the link to the gallery : %%gallery_link%% &quot;,&quot;lightbox&quot;:&quot;fancybox&quot;}\">\n\n\t\n\t<div  class=\"modula-items\">\n\t\t<div class=\"modula-item effect-pufrobo\" >\n\t<div class=\"modula-item-overlay\"><\/div>\n\n\t<div class=\"modula-item-content\">\n\n\t\t\t\t\n\t\t\t\t\t<a data-image-id=\"9998\" tabindex=\"0\" rel=\"jtg-128\" data-caption=\"\" aria-label=\"Open image in lightbox\" role=\"button\" class=\"tile-inner modula-item-link\"><\/a>\n\t\t\n\t\t<img class=\"pic wp-image-9998 lazyload\"  data-valign=\"middle\" data-halign=\"center\" alt=\"\" data-full=\"https:\/\/corregidora.gob.mx\/portal\/wp-content\/uploads\/2019\/04\/OMAR-AGUILAR-LUGO-PC.jpeg\" title=\"OMAR AGUILAR LUGO PC\" width=\"300\" height=\"200\" data-src=\"https:\/\/corregidora.gob.mx\/portal\/wp-content\/uploads\/2019\/04\/OMAR-AGUILAR-LUGO-PC-300x200.jpeg\" data-caption=\"\" data-source=\"modula\" data-srcset=\"https:\/\/corregidora.gob.mx\/portal\/wp-content\/uploads\/2019\/04\/OMAR-AGUILAR-LUGO-PC.jpeg 1280w, https:\/\/corregidora.gob.mx\/portal\/wp-content\/uploads\/2019\/04\/OMAR-AGUILAR-LUGO-PC-300x200.jpeg 300w, https:\/\/corregidora.gob.mx\/portal\/wp-content\/uploads\/2019\/04\/OMAR-AGUILAR-LUGO-PC-768x512.jpeg 768w, https:\/\/corregidora.gob.mx\/portal\/wp-content\/uploads\/2019\/04\/OMAR-AGUILAR-LUGO-PC-1024x682.jpeg 1024w, https:\/\/corregidora.gob.mx\/portal\/wp-content\/uploads\/2019\/04\/OMAR-AGUILAR-LUGO-PC-20x13.jpeg 20w\" data-sizes=\"(max-width: 300px) 100vw, 300px\" \/>\n\t\t<div class=\"figc no-description\">\n\t\t\t<div class=\"figc-inner\">\n\t\t\t\t\t\t\t\t\t<div class='jtg-title'>OMAR AGUILAR LUGO PC<\/div>\n\t\t\t\t\t\t\t\t\t\t\t\t\t\t\t<\/div>\n\t\t<\/div>\n\n\t<\/div>\n\n<\/div>\t\t\n\t<\/div>\n\n\t\n\t\n\t<script type=\"application\/ld+json\">\n\t{\n\t\t\"@context\": \"http:\/\/schema.org\",\n\t\t\"@type\"   : \"ImageGallery\",\n\t\t\"id\"      : \"https:\/\/corregidora.gob.mx\/portal\/prepara-proteccion-civil-operativo-por-semana-santa\/\",\n\t\t\"url\"     : \"https:\/\/corregidora.gob.mx\/portal\/prepara-proteccion-civil-operativo-por-semana-santa\/\"\n\t}\n\n\t<\/script>\n\n\t\n<\/div>\n","protected":false},"excerpt":{"rendered":"<p>Emiten recomendaciones a la poblaci\u00f3n para prevenir accidentes. Se monitorean los cuerpos de agua.<\/p>\n","protected":false},"author":15,"featured_media":9998,"comment_status":"closed","ping_status":"open","sticky":false,"template":"","format":"standard","meta":[],"categories":[234],"tags":[],"_links":{"self":[{"href":"https:\/\/corregidora.gob.mx\/portal\/wp-json\/wp\/v2\/posts\/9999"}],"collection":[{"href":"https:\/\/corregidora.gob.mx\/portal\/wp-json\/wp\/v2\/posts"}],"about":[{"href":"https:\/\/corregidora.gob.mx\/portal\/wp-json\/wp\/v2\/types\/post"}],"author":[{"embeddable":true,"href":"https:\/\/corregidora.gob.mx\/portal\/wp-json\/wp\/v2\/users\/15"}],"replies":[{"embeddable":true,"href":"https:\/\/corregidora.gob.mx\/portal\/wp-json\/wp\/v2\/comments?post=9999"}],"version-history":[{"count":1,"href":"https:\/\/corregidora.gob.mx\/portal\/wp-json\/wp\/v2\/posts\/9999\/revisions"}],"predecessor-version":[{"id":10000,"href":"https:\/\/corregidora.gob.mx\/portal\/wp-json\/wp\/v2\/posts\/9999\/revisions\/10000"}],"wp:featuredmedia":[{"embeddable":true,"href":"https:\/\/corregidora.gob.mx\/portal\/wp-json\/wp\/v2\/media\/9998"}],"wp:attachment":[{"href":"https:\/\/corregidora.gob.mx\/portal\/wp-json\/wp\/v2\/media?parent=9999"}],"wp:term":[{"taxonomy":"category","embeddable":true,"href":"https:\/\/corregidora.gob.mx\/portal\/wp-json\/wp\/v2\/categories?post=9999"},{"taxonomy":"post_tag","embeddable":true,"href":"https:\/\/corregidora.gob.mx\/portal\/wp-json\/wp\/v2\/tags?post=9999"}],"curies":[{"name":"wp","href":"https:\/\/api.w.org\/{rel}","templated":true}]}}