{"id":9996,"date":"2019-04-04T16:21:42","date_gmt":"2019-04-04T22:21:42","guid":{"rendered":"http:\/\/www.corregidora.gob.mx\/portal\/?p=9996"},"modified":"2019-04-08T16:26:36","modified_gmt":"2019-04-08T21:26:36","slug":"activacion-fisica-masoterapia-y-equinoterapia-para-personas-con-discapacidad-en-corregidora","status":"publish","type":"post","link":"https:\/\/corregidora.gob.mx\/portal\/activacion-fisica-masoterapia-y-equinoterapia-para-personas-con-discapacidad-en-corregidora\/","title":{"rendered":"Activaci\u00f3n f\u00edsica, masoterapia y equinoterapia para personas con discapacidad en Corregidora"},"content":{"rendered":"<p><em>-Actualmente son 200 personas beneficiarias con terapias de activaci\u00f3n f\u00edsica y 50 con equinoterapia.<\/em><\/p>\n<p><em>-Es la inclusi\u00f3n compromiso de la administraci\u00f3n.\u00a0<\/em><span style=\"font-family: inherit;font-size: inherit;font-weight: inherit\">\u00a0<\/span><\/p>\n<p><!--more--><\/p>\n<p>En el municipio de Corregidora, las personas con discapacidad pueden acceder a terapias de activaci\u00f3n f\u00edsica, masoterapia y equinoterapia, as\u00ed como obtener el tarjet\u00f3n especial para poder hacer uso de los espacios de estacionamiento destinados para ellos.<\/p>\n<p>De acuerdo con Salvador Delgado Mart\u00ednez, coordinador de Accesibilidad e Inclusi\u00f3n a Personas con Discapacidad, en el municipio se tienen censadas a 2 mil 500 personas con alg\u00fan tipo de discapacidad y son 200 quienes acuden a tomar las terapias de activaci\u00f3n f\u00edsica en los distintos puntos de Corregidora.<\/p>\n<p>Dijo que son principalmente personas con par\u00e1lisis cerebral, s\u00edndrome de down o autismo, quienes se acercan a la activaci\u00f3n f\u00edsica en las instalaciones del Ex-Pante\u00f3n, en El Pueblito; as\u00ed como en San Rafael los lunes; Santa B\u00e1rbara los martes y en La Cueva los jueves.<\/p>\n<p>\u201cLos ponemos a hacer algunos\u00a0 juegos did\u00e1cticos y las mam\u00e1s nos platican sus avances porque llegan a cierta edad en el Centro de Atenci\u00f3n M\u00faltiple donde ya no los reciben y se estaban atrofiando esos chavos, aqu\u00ed muchos llegaron sin poder caminar y ahorita hasta bailan, nada m\u00e1s est\u00e1n contando los d\u00edas para venir\u201d, explic\u00f3 y dijo que son alrededor de 200 usuarios los que acuden a la activaci\u00f3n f\u00edsica, de edades entre 18 y hasta 50 a\u00f1os.<\/p>\n<p>\u201cRealizan mucho movimiento, como estiramiento con liga, salto de obst\u00e1culos, trote y nos ense\u00f1an tanto, cuando ya los cansamos se ponen a jugar loter\u00eda, varios juegos que tenemos para ellos\u201d, indic\u00f3 el funcionario.<\/p>\n<p>Se\u00f1al\u00f3 que el servicio est\u00e1 destinado principalmente a quienes viven en Corregidora y pueden llegar a Pedro Urtiaga 86 en El Pueblito, con documentaci\u00f3n b\u00e1sica como acta de nacimiento, CURP, comprobante de domicilio y credencial de elector del tutor, as\u00ed como comprobante de discapacidad.<\/p>\n<p>Sobre la equinoterapia dijo que actualmente acuden 50 personas a tomar esta terapia pero se cuenta con lista de espera, \u201ces en rancho San Rafael, para todas las edades, la encargada de la terapia nos dice si son candidatos, es gratuito y lo paga el municipio. Quienes necesitan mucho de eso son las personas con par\u00e1lisis cerebral, les ayuda\u00a0 mucho a mover su cuerpo, y los pap\u00e1s notan los avances cuando sus hijos logran dormir mejor, por ejemplo\u201d.<\/p>\n<p>Para la masoterapia, dijo que hay una persona invidente que la aplica en el Ex-Pante\u00f3n de forma gratuita cuando acuden a su actividad f\u00edsica.<\/p>\n<p>Sobre los tarjetones para ocupar lugares especiales de estacionamiento, indic\u00f3 que el costo es de 100 pesos y actualmente hay 200 asignados, y mucha demanda porque estos se renuevan, cada 3 a\u00f1os.<\/p>\n<p><em>\u00a0<\/em>Finalmente, dijo que recientemente se tuvo el acercamiento de una empresa dedicada a la elaboraci\u00f3n de quesos, quienes solicitaban empleados con el ofrecimiento de un salario digno y todas las prestaciones de ley, lo que calific\u00f3 como un ejemplo de que poco a poco, la inclusi\u00f3n se est\u00e1 convirtiendo en un compromiso social.<\/p>\n<style>#jtg-127 .modula-item .jtg-social a, .lightbox-socials.jtg-social a{ fill: #ffffff; color: #ffffff }#jtg-127 .modula-item .jtg-social-mobile a{ fill: #ffffff; color: #ffffff }#jtg-127 .modula-item .jtg-social svg, .lightbox-socials.jtg-social svg { height: 16px; width: 16px }#jtg-127 .modula-item .jtg-social-mobile svg { height: 16px; width: 16px }#jtg-127 .modula-item .jtg-social a:not(:last-child), .lightbox-socials.jtg-social a:not(:last-child) { margin-right: 10px }#jtg-127 .modula-item .jtg-social-mobile .jtg-social-mobile-icons a:not(:last-child){ margin-right: 10px }#jtg-127 .modula-item .figc {color:#ffffff;}#jtg-127 .modula-item .figc .jtg-title {  font-size: 16px; }#jtg-127 .modula-item .modula-item-content { transform: scale(1) }#jtg-127 { width:100%;}#jtg-127 .modula-items{height:800px;}@media screen and (max-width: 992px) {#jtg-127 .modula-items{height:800px;}}@media screen and (max-width: 768px) {#jtg-127 .modula-items{height:800px;}}#jtg-127 .modula-items .figc p.description { font-size:14px; }#jtg-127 .modula-items .figc p.description { color:#ffffff;}#jtg-127 .modula-items .figc .jtg-title { color:#ffffff; }#jtg-127.modula-gallery .modula-item > a, #jtg-127.modula-gallery .modula-item, #jtg-127.modula-gallery .modula-item-content > a:not(.modula-no-follow) { cursor:zoom-in; } #jtg-127.modula-gallery .modula-item-content .modula-no-follow { cursor: default; } @media screen and (max-width:480px){#jtg-127 .modula-item .figc .jtg-title {  font-size: 12px; }#jtg-127 .modula-items .figc p.description { color:#ffffff;font-size:10px; }}<\/style>\n<div  id=\"jtg-127\" class=\"modula modula-gallery modula-creative-gallery\" data-config=\"{&quot;height&quot;:800,&quot;tabletHeight&quot;:800,&quot;mobileHeight&quot;:800,&quot;desktopHeight&quot;:800,&quot;enableTwitter&quot;:true,&quot;enableWhatsapp&quot;:false,&quot;enableFacebook&quot;:true,&quot;enablePinterest&quot;:true,&quot;enableLinkedin&quot;:false,&quot;enableEmail&quot;:false,&quot;randomFactor&quot;:0.5,&quot;type&quot;:&quot;creative-gallery&quot;,&quot;columns&quot;:12,&quot;gutter&quot;:10,&quot;mobileGutter&quot;:10,&quot;tabletGutter&quot;:10,&quot;desktopGutter&quot;:10,&quot;enableResponsive&quot;:0,&quot;tabletColumns&quot;:2,&quot;mobileColumns&quot;:1,&quot;lazyLoad&quot;:1,&quot;lightboxOpts&quot;:{&quot;animated&quot;:true,&quot;Thumbs&quot;:{&quot;type&quot;:&quot;modern&quot;,&quot;showOnStart&quot;:false},&quot;Toolbar&quot;:{&quot;display&quot;:{&quot;right&quot;:[&quot;close&quot;]},&quot;enabled&quot;:true},&quot;Carousel&quot;:{&quot;Panzoom&quot;:{&quot;touch&quot;:false},&quot;infinite&quot;:false},&quot;keyboard&quot;:{&quot;Escape&quot;:&quot;close&quot;,&quot;Delete&quot;:&quot;close&quot;,&quot;Backspace&quot;:&quot;close&quot;,&quot;PageUp&quot;:false,&quot;PageDown&quot;:false,&quot;ArrowUp&quot;:false,&quot;ArrowDown&quot;:false,&quot;ArrowRight&quot;:false,&quot;ArrowLeft&quot;:false},&quot;touch&quot;:false,&quot;backdropClick&quot;:false,&quot;l10n&quot;:{&quot;CLOSE&quot;:&quot;Close&quot;,&quot;NEXT&quot;:&quot;Next&quot;,&quot;PREV&quot;:&quot;Previous&quot;,&quot;Error&quot;:&quot;The requested content cannot be loaded. Please try again later.&quot;,&quot;PLAY_START&quot;:&quot;Start slideshow&quot;,&quot;PLAY_STOP&quot;:&quot;Pause slideshow&quot;,&quot;FULL_SCREEN&quot;:&quot;Full screen&quot;,&quot;THUMBS&quot;:&quot;Thumbnails&quot;,&quot;DOWNLOAD&quot;:&quot;Download&quot;,&quot;SHARE&quot;:&quot;Share&quot;,&quot;ZOOM&quot;:&quot;Zoom&quot;,&quot;EMAIL&quot;:&quot;Here is the link to the image : %%image_link%% and this is the link to the gallery : %%gallery_link%%&quot;,&quot;MODAL&quot;:&quot;You can close this modal content with the ESC key&quot;,&quot;ERROR&quot;:&quot;Something Went Wrong, Please Try Again Later&quot;,&quot;IMAGE_ERROR&quot;:&quot;Image Not Found&quot;,&quot;ELEMENT_NOT_FOUND&quot;:&quot;HTML Element Not Found&quot;,&quot;AJAX_NOT_FOUND&quot;:&quot;Error Loading AJAX : Not Found&quot;,&quot;AJAX_FORBIDDEN&quot;:&quot;Error Loading AJAX : Forbidden&quot;,&quot;IFRAME_ERROR&quot;:&quot;Error Loading Page&quot;,&quot;TOGGLE_ZOOM&quot;:&quot;Toggle zoom level&quot;,&quot;TOGGLE_THUMBS&quot;:&quot;Toggle thumbnails&quot;,&quot;TOGGLE_SLIDESHOW&quot;:&quot;Toggle slideshow&quot;,&quot;TOGGLE_FULLSCREEN&quot;:&quot;Toggle full-screen mode&quot;},&quot;Images&quot;:{&quot;Panzoom&quot;:{&quot;maxScale&quot;:2}},&quot;mainClass&quot;:&quot;modula-fancybox-container modula-lightbox-jtg-127&quot;,&quot;Html&quot;:{&quot;videoAutoplay&quot;:0,&quot;videoTpl&quot;:&quot;&lt;video class=\\&quot;fancybox__html5video\\&quot; controls muted playsinline controlsList controlsList=\\&quot;nodownload\\&quot; poster=\\&quot;{{poster}}\\&quot; src=\\&quot;{{src}}\\&quot; type=\\&quot;{{format}}\\&quot; &gt;  Sorry, your browser doesn&#039;t support embedded videos, &lt;a href=\\&quot;{{src}}\\&quot;&gt; download &lt;\\\/a&gt; and watch with your favorite video player! &lt;\\\/video&gt;&quot;}},&quot;inView&quot;:false,&quot;email_subject&quot;:&quot;Check out this awesome image !!&quot;,&quot;email_message&quot;:&quot;Here is the link to the image : %%image_link%% and this is the link to the gallery : %%gallery_link%% &quot;,&quot;lightbox&quot;:&quot;fancybox&quot;}\">\n\n\t\n\t<div  class=\"modula-items\">\n\t\t<div class=\"modula-item effect-pufrobo\" >\n\t<div class=\"modula-item-overlay\"><\/div>\n\n\t<div class=\"modula-item-content\">\n\n\t\t\t\t\n\t\t\t\t\t<a data-image-id=\"9993\" tabindex=\"0\" rel=\"jtg-127\" data-caption=\"\" aria-label=\"Open image in lightbox\" role=\"button\" class=\"tile-inner modula-item-link\"><\/a>\n\t\t\n\t\t<img class=\"pic wp-image-9993 lazyload\"  data-valign=\"middle\" data-halign=\"center\" alt=\"\" data-full=\"https:\/\/corregidora.gob.mx\/portal\/wp-content\/uploads\/2019\/04\/IMG_2531.jpg\" title=\"IMG_2531\" width=\"225\" height=\"300\" data-src=\"https:\/\/corregidora.gob.mx\/portal\/wp-content\/uploads\/2019\/04\/IMG_2531-225x300.jpg\" data-caption=\"\" data-source=\"modula\" data-srcset=\"https:\/\/corregidora.gob.mx\/portal\/wp-content\/uploads\/2019\/04\/IMG_2531.jpg 780w, https:\/\/corregidora.gob.mx\/portal\/wp-content\/uploads\/2019\/04\/IMG_2531-225x300.jpg 225w, https:\/\/corregidora.gob.mx\/portal\/wp-content\/uploads\/2019\/04\/IMG_2531-768x1024.jpg 768w, https:\/\/corregidora.gob.mx\/portal\/wp-content\/uploads\/2019\/04\/IMG_2531-15x20.jpg 15w\" data-sizes=\"(max-width: 225px) 100vw, 225px\" \/>\n\t\t<div class=\"figc no-description\">\n\t\t\t<div class=\"figc-inner\">\n\t\t\t\t\t\t\t\t\t<div class='jtg-title'>IMG_2531<\/div>\n\t\t\t\t\t\t\t\t\t\t\t\t\t\t\t<\/div>\n\t\t<\/div>\n\n\t<\/div>\n\n<\/div><div class=\"modula-item effect-pufrobo\" >\n\t<div class=\"modula-item-overlay\"><\/div>\n\n\t<div class=\"modula-item-content\">\n\n\t\t\t\t\n\t\t\t\t\t<a data-image-id=\"9994\" tabindex=\"0\" rel=\"jtg-127\" data-caption=\"\" aria-label=\"Open image in lightbox\" role=\"button\" class=\"tile-inner modula-item-link\"><\/a>\n\t\t\n\t\t<img class=\"pic wp-image-9994 lazyload\"  data-valign=\"middle\" data-halign=\"center\" alt=\"\" data-full=\"https:\/\/corregidora.gob.mx\/portal\/wp-content\/uploads\/2019\/04\/IMG_2532.jpg\" title=\"IMG_2532\" width=\"300\" height=\"225\" data-src=\"https:\/\/corregidora.gob.mx\/portal\/wp-content\/uploads\/2019\/04\/IMG_2532-300x225.jpg\" data-caption=\"\" data-source=\"modula\" data-srcset=\"https:\/\/corregidora.gob.mx\/portal\/wp-content\/uploads\/2019\/04\/IMG_2532.jpg 1040w, https:\/\/corregidora.gob.mx\/portal\/wp-content\/uploads\/2019\/04\/IMG_2532-300x225.jpg 300w, https:\/\/corregidora.gob.mx\/portal\/wp-content\/uploads\/2019\/04\/IMG_2532-768x576.jpg 768w, https:\/\/corregidora.gob.mx\/portal\/wp-content\/uploads\/2019\/04\/IMG_2532-1024x768.jpg 1024w, https:\/\/corregidora.gob.mx\/portal\/wp-content\/uploads\/2019\/04\/IMG_2532-20x15.jpg 20w\" data-sizes=\"(max-width: 300px) 100vw, 300px\" \/>\n\t\t<div class=\"figc no-description\">\n\t\t\t<div class=\"figc-inner\">\n\t\t\t\t\t\t\t\t\t<div class='jtg-title'>IMG_2532<\/div>\n\t\t\t\t\t\t\t\t\t\t\t\t\t\t\t<\/div>\n\t\t<\/div>\n\n\t<\/div>\n\n<\/div><div class=\"modula-item effect-pufrobo\" >\n\t<div class=\"modula-item-overlay\"><\/div>\n\n\t<div class=\"modula-item-content\">\n\n\t\t\t\t\n\t\t\t\t\t<a data-image-id=\"9995\" tabindex=\"0\" rel=\"jtg-127\" data-caption=\"\" aria-label=\"Open image in lightbox\" role=\"button\" class=\"tile-inner modula-item-link\"><\/a>\n\t\t\n\t\t<img class=\"pic wp-image-9995 lazyload\"  data-valign=\"middle\" data-halign=\"center\" alt=\"\" data-full=\"https:\/\/corregidora.gob.mx\/portal\/wp-content\/uploads\/2019\/04\/IMG_2533.jpg\" title=\"IMG_2533\" width=\"300\" height=\"225\" data-src=\"https:\/\/corregidora.gob.mx\/portal\/wp-content\/uploads\/2019\/04\/IMG_2533-300x225.jpg\" data-caption=\"\" data-source=\"modula\" data-srcset=\"https:\/\/corregidora.gob.mx\/portal\/wp-content\/uploads\/2019\/04\/IMG_2533.jpg 1040w, https:\/\/corregidora.gob.mx\/portal\/wp-content\/uploads\/2019\/04\/IMG_2533-300x225.jpg 300w, https:\/\/corregidora.gob.mx\/portal\/wp-content\/uploads\/2019\/04\/IMG_2533-768x576.jpg 768w, https:\/\/corregidora.gob.mx\/portal\/wp-content\/uploads\/2019\/04\/IMG_2533-1024x768.jpg 1024w, https:\/\/corregidora.gob.mx\/portal\/wp-content\/uploads\/2019\/04\/IMG_2533-20x15.jpg 20w\" data-sizes=\"(max-width: 300px) 100vw, 300px\" \/>\n\t\t<div class=\"figc no-description\">\n\t\t\t<div class=\"figc-inner\">\n\t\t\t\t\t\t\t\t\t<div class='jtg-title'>IMG_2533<\/div>\n\t\t\t\t\t\t\t\t\t\t\t\t\t\t\t<\/div>\n\t\t<\/div>\n\n\t<\/div>\n\n<\/div>\t\t\n\t<\/div>\n\n\t\n\t\n\t<script type=\"application\/ld+json\">\n\t{\n\t\t\"@context\": \"http:\/\/schema.org\",\n\t\t\"@type\"   : \"ImageGallery\",\n\t\t\"id\"      : \"https:\/\/corregidora.gob.mx\/portal\/activacion-fisica-masoterapia-y-equinoterapia-para-personas-con-discapacidad-en-corregidora\/\",\n\t\t\"url\"     : \"https:\/\/corregidora.gob.mx\/portal\/activacion-fisica-masoterapia-y-equinoterapia-para-personas-con-discapacidad-en-corregidora\/\"\n\t}\n\n\t<\/script>\n\n\t\n<\/div>\n","protected":false},"excerpt":{"rendered":"<p>-Actualmente son 200 personas beneficiarias con terapias de activaci\u00f3n f\u00edsica y 50 con equinoterapia. -Es la inclusi\u00f3n compromiso de la administraci\u00f3n.\u00a0\u00a0<\/p>\n","protected":false},"author":15,"featured_media":9995,"comment_status":"closed","ping_status":"open","sticky":false,"template":"","format":"standard","meta":[],"categories":[234],"tags":[],"_links":{"self":[{"href":"https:\/\/corregidora.gob.mx\/portal\/wp-json\/wp\/v2\/posts\/9996"}],"collection":[{"href":"https:\/\/corregidora.gob.mx\/portal\/wp-json\/wp\/v2\/posts"}],"about":[{"href":"https:\/\/corregidora.gob.mx\/portal\/wp-json\/wp\/v2\/types\/post"}],"author":[{"embeddable":true,"href":"https:\/\/corregidora.gob.mx\/portal\/wp-json\/wp\/v2\/users\/15"}],"replies":[{"embeddable":true,"href":"https:\/\/corregidora.gob.mx\/portal\/wp-json\/wp\/v2\/comments?post=9996"}],"version-history":[{"count":1,"href":"https:\/\/corregidora.gob.mx\/portal\/wp-json\/wp\/v2\/posts\/9996\/revisions"}],"predecessor-version":[{"id":9997,"href":"https:\/\/corregidora.gob.mx\/portal\/wp-json\/wp\/v2\/posts\/9996\/revisions\/9997"}],"wp:featuredmedia":[{"embeddable":true,"href":"https:\/\/corregidora.gob.mx\/portal\/wp-json\/wp\/v2\/media\/9995"}],"wp:attachment":[{"href":"https:\/\/corregidora.gob.mx\/portal\/wp-json\/wp\/v2\/media?parent=9996"}],"wp:term":[{"taxonomy":"category","embeddable":true,"href":"https:\/\/corregidora.gob.mx\/portal\/wp-json\/wp\/v2\/categories?post=9996"},{"taxonomy":"post_tag","embeddable":true,"href":"https:\/\/corregidora.gob.mx\/portal\/wp-json\/wp\/v2\/tags?post=9996"}],"curies":[{"name":"wp","href":"https:\/\/api.w.org\/{rel}","templated":true}]}}