{"id":9948,"date":"2019-03-27T10:45:53","date_gmt":"2019-03-27T16:45:53","guid":{"rendered":"http:\/\/www.corregidora.gob.mx\/portal\/?p=9948"},"modified":"2019-04-02T10:45:46","modified_gmt":"2019-04-02T16:45:46","slug":"entrega-roberto-sosa-parque-san-francisco-en-los-angeles","status":"publish","type":"post","link":"https:\/\/corregidora.gob.mx\/portal\/entrega-roberto-sosa-parque-san-francisco-en-los-angeles\/","title":{"rendered":"Entrega Roberto Sosa parque \u201cSan Francisco\u201d en Los \u00c1ngeles"},"content":{"rendered":"<ul>\n<li><em>Seguiremos recuperando espacios para la convivencia de las familias: RSP<\/em><\/li>\n<li><em>Inversi\u00f3n compartida entre SEDATU y Corregidora por 1 mill\u00f3n 903 mil pesos.<\/em><\/li>\n<\/ul>\n<p><!--more--><\/p>\n<p>El presidente municipal de Corregidora, Roberto Sosa Pichardo, hizo entrega del parque \u201cSan Francisco\u201d en la colonia Los \u00c1ngeles, mismo que tuvo una inversi\u00f3n compartida entre el municipio y la Secretar\u00eda de Desarrollo Agrario, Territorial y Urbano (SEDATU), por un monto de 1 mill\u00f3n 903 mil 313 pesos, para beneficio de m\u00e1s de 2 mil 985 habitantes.<\/p>\n<p>\u201cLo que estamos haciendo hoy aqu\u00ed, de la mano de la SEDATU, es habilitar este tipo de espacios para nuestras familias y tener en ellos, lugares de convivencia en donde nos veamos a los ojos, en donde podamos conocernos los\u00a0 vecinos, convivir sanamente; para eso estamos creando este tipo de lugares, en esta administraci\u00f3n vamos a ir a recuperar todos los espacios que podamos\u201d, se\u00f1al\u00f3 el alcalde.<\/p>\n<p>Finalmente, pidi\u00f3 a los vecinos que cuiden este espacio que es de ellos, que lo aprovechen y ayuden a mantenerlo en buenas condiciones.<\/p>\n<p>El secretario de Obras P\u00fablicas Municipales, Juan Carlos Garc\u00eda S\u00e1nchez, explic\u00f3 que de acuerdo con el Plan Municipal de Desarrollo 2018-2021, el segundo eje de acci\u00f3n estrat\u00e9gico se refiere a espacios, colonias dignas y seguras.<\/p>\n<p>\u201cLa interacci\u00f3n social hace indispensable redise\u00f1ar los espacios y prop\u00f3sito de los mismos; las colonias y comunidades de nuestro municipio, sus calles, parques, plazas, jardines, \u00e1reas verdes, deben distinguirse en lugares disfrutables\u201d, expres\u00f3 el funcionario.<\/p>\n<p>Detall\u00f3 que el parque cuenta con 717 metros cuadrados donde hay \u00e1reas infantiles, \u00e1reas verdes, andadores, se coloc\u00f3 mobiliario, pasto sint\u00e9tico, gimnasio, se\u00f1al\u00e9tica, alumbrado y est\u00e1 acondicionado para la movilidad de personas con discapacidad.<\/p>\n<p>Francisco Gonz\u00e1lez, beneficiario de este parque, dijo a sus vecinos que este espacio es de todos, por lo que los llam\u00f3 a disfrutarlo y darle un buen uso, \u201cestos espacios dignifican a nuestra comunidad, nos toca cuidarlo y reportar cualquier anomal\u00eda que se presente\u201d.<\/p>\n<p>Shantall Valdez Cabrera, encargada de despacho de la SEDATU, dijo que el Gobierno tiene la obligaci\u00f3n de construir ciudades m\u00e1s humanitarias, con espacios p\u00fablicos m\u00e1s seguros y de calidad, y este parque contribuye a cambiar la vida de la comunidad. \u201cSEDATU est\u00e1 trabajando y comprometido a entregar nuevos espacios\u201d, expres\u00f3 la funcionaria federal.<\/p>\n\n","protected":false},"excerpt":{"rendered":"<p>Seguiremos recuperando espacios para la convivencia de las familias: RSP Inversi\u00f3n compartida entre SEDATU y Corregidora por 1 mill\u00f3n 903 mil pesos.<\/p>\n","protected":false},"author":15,"featured_media":9945,"comment_status":"closed","ping_status":"open","sticky":false,"template":"","format":"standard","meta":[],"categories":[234],"tags":[],"_links":{"self":[{"href":"https:\/\/corregidora.gob.mx\/portal\/wp-json\/wp\/v2\/posts\/9948"}],"collection":[{"href":"https:\/\/corregidora.gob.mx\/portal\/wp-json\/wp\/v2\/posts"}],"about":[{"href":"https:\/\/corregidora.gob.mx\/portal\/wp-json\/wp\/v2\/types\/post"}],"author":[{"embeddable":true,"href":"https:\/\/corregidora.gob.mx\/portal\/wp-json\/wp\/v2\/users\/15"}],"replies":[{"embeddable":true,"href":"https:\/\/corregidora.gob.mx\/portal\/wp-json\/wp\/v2\/comments?post=9948"}],"version-history":[{"count":1,"href":"https:\/\/corregidora.gob.mx\/portal\/wp-json\/wp\/v2\/posts\/9948\/revisions"}],"predecessor-version":[{"id":9950,"href":"https:\/\/corregidora.gob.mx\/portal\/wp-json\/wp\/v2\/posts\/9948\/revisions\/9950"}],"wp:featuredmedia":[{"embeddable":true,"href":"https:\/\/corregidora.gob.mx\/portal\/wp-json\/wp\/v2\/media\/9945"}],"wp:attachment":[{"href":"https:\/\/corregidora.gob.mx\/portal\/wp-json\/wp\/v2\/media?parent=9948"}],"wp:term":[{"taxonomy":"category","embeddable":true,"href":"https:\/\/corregidora.gob.mx\/portal\/wp-json\/wp\/v2\/categories?post=9948"},{"taxonomy":"post_tag","embeddable":true,"href":"https:\/\/corregidora.gob.mx\/portal\/wp-json\/wp\/v2\/tags?post=9948"}],"curies":[{"name":"wp","href":"https:\/\/api.w.org\/{rel}","templated":true}]}}