{"id":9932,"date":"2019-03-25T12:51:19","date_gmt":"2019-03-25T18:51:19","guid":{"rendered":"http:\/\/www.corregidora.gob.mx\/portal\/?p=9932"},"modified":"2019-03-25T12:51:19","modified_gmt":"2019-03-25T18:51:19","slug":"encabeza-roberto-sosa-el-arranque-de-la-colecta-cruz-roja-2019-en-corregidora","status":"publish","type":"post","link":"https:\/\/corregidora.gob.mx\/portal\/encabeza-roberto-sosa-el-arranque-de-la-colecta-cruz-roja-2019-en-corregidora\/","title":{"rendered":"Encabeza Roberto Sosa el arranque de la Colecta Cruz Roja 2019  en Corregidora"},"content":{"rendered":"<ul>\n<li><em>Meta de 1 mill\u00f3n de pesos entre el 25 de marzo y el 31 de mayo.<\/em><\/li>\n<\/ul>\n<p><!--more--><\/p>\n<p>El presidente municipal de Corregidora, Roberto Sosa Pichardo, particip\u00f3 en el arranque de la Colecta Estatal de la Cruz Roja Mexicana delegaci\u00f3n Corregidora, la cual dio inicio en la escuela primaria Octavio Paz.<\/p>\n<p>Dicha colecta se llevar\u00e1 a cabo del 25 de marzo al 31 de mayo y la meta es recaudar 1 mill\u00f3n de pesos para esta delegaci\u00f3n, sin embargo, el alcalde confi\u00f3 en que esta cifra ser\u00e1 superada.<\/p>\n<p>\u201cEstoy seguro que este es un municipio generoso, con gente de trabajo, el lema de la Cruz Roja es todos somos hermanos y de esta manera estamos pretendiendo que lo seamos en nuestro municipio\u201d, expres\u00f3 el edil, quien a nombre del municipio realiz\u00f3 una aportaci\u00f3n de 150 mil pesos.<\/p>\n<p>Sergio Guerrero Pati\u00f1o, delegado de la Cruz Roja Corregidora, indic\u00f3 que esta es la primera vez que se inicia una colecta por parte de esta delegaci\u00f3n, la cual se estima que lograr\u00e1 recaudar un mill\u00f3n de pesos que permita que a finales de abril se puedan prestar servicios prehospitalarios en esta delegaci\u00f3n, as\u00ed como la ayuda humanitaria.<\/p>\n<p>\u201cAgradecemos al presidente municipal de Corregidora, Roberto Sosa, su preocupaci\u00f3n para que los habitantes del municipio tengamos una Cruz Roja fuerte, con una sede y que haya iniciado los tr\u00e1mites administrativos para su construcci\u00f3n, en breve se iniciar\u00e1 materialmente la obra, a finales del mes de mayo\u201d, indic\u00f3.<\/p>\n\n","protected":false},"excerpt":{"rendered":"<p>Meta de 1 mill\u00f3n de pesos entre el 25 de marzo y el 31 de mayo.<\/p>\n","protected":false},"author":15,"featured_media":9926,"comment_status":"closed","ping_status":"open","sticky":false,"template":"","format":"standard","meta":[],"categories":[234],"tags":[],"_links":{"self":[{"href":"https:\/\/corregidora.gob.mx\/portal\/wp-json\/wp\/v2\/posts\/9932"}],"collection":[{"href":"https:\/\/corregidora.gob.mx\/portal\/wp-json\/wp\/v2\/posts"}],"about":[{"href":"https:\/\/corregidora.gob.mx\/portal\/wp-json\/wp\/v2\/types\/post"}],"author":[{"embeddable":true,"href":"https:\/\/corregidora.gob.mx\/portal\/wp-json\/wp\/v2\/users\/15"}],"replies":[{"embeddable":true,"href":"https:\/\/corregidora.gob.mx\/portal\/wp-json\/wp\/v2\/comments?post=9932"}],"version-history":[{"count":1,"href":"https:\/\/corregidora.gob.mx\/portal\/wp-json\/wp\/v2\/posts\/9932\/revisions"}],"predecessor-version":[{"id":9933,"href":"https:\/\/corregidora.gob.mx\/portal\/wp-json\/wp\/v2\/posts\/9932\/revisions\/9933"}],"wp:featuredmedia":[{"embeddable":true,"href":"https:\/\/corregidora.gob.mx\/portal\/wp-json\/wp\/v2\/media\/9926"}],"wp:attachment":[{"href":"https:\/\/corregidora.gob.mx\/portal\/wp-json\/wp\/v2\/media?parent=9932"}],"wp:term":[{"taxonomy":"category","embeddable":true,"href":"https:\/\/corregidora.gob.mx\/portal\/wp-json\/wp\/v2\/categories?post=9932"},{"taxonomy":"post_tag","embeddable":true,"href":"https:\/\/corregidora.gob.mx\/portal\/wp-json\/wp\/v2\/tags?post=9932"}],"curies":[{"name":"wp","href":"https:\/\/api.w.org\/{rel}","templated":true}]}}