{"id":9028,"date":"2018-12-03T14:21:17","date_gmt":"2018-12-03T20:21:17","guid":{"rendered":"http:\/\/www.corregidora.gob.mx\/portal\/?p=9028"},"modified":"2018-12-03T14:21:17","modified_gmt":"2018-12-03T20:21:17","slug":"dignificaran-espacio-para-personas-con-discapacidad-en-corregidora","status":"publish","type":"post","link":"https:\/\/corregidora.gob.mx\/portal\/dignificaran-espacio-para-personas-con-discapacidad-en-corregidora\/","title":{"rendered":"Dignificar\u00e1n espacio para personas con discapacidad en Corregidora"},"content":{"rendered":"<ul>\n<li><em>\u201cUstedes tienen el mismo valor para todos y en este gobierno as\u00ed lo har\u00e1n saber\u201d: RSP<\/em><\/li>\n<li><em>Conmemoran en Corregidora el D\u00eda Internacional de las Personas con Discapacidad.<\/em><\/li>\n<\/ul>\n<p><!--more--><\/p>\n<p>El presidente municipal de Corregidora, Roberto Sosa Pichardo, encabez\u00f3 el evento para conmemorar el D\u00eda Internacional de las Personas con Discapacidad, donde anunci\u00f3 la dignificaci\u00f3n de las instalaciones donde se les brinda atenci\u00f3n, con la edificaci\u00f3n de un arcotecho y rehabilitaci\u00f3n de los sanitarios.<\/p>\n<p>Destac\u00f3 que la forma correcta de nombrarlas es personas con discapacidad, y anticip\u00f3 que se fortalecer\u00e1n las actividades y recursos para que los programas\u00a0 que actualmente ofrece el municipio, lleguen a m\u00e1s personas que los necesitan.<\/p>\n<p>\u201cCuenten con su servidor y con mi esposa Karina, trabajaremos todos los d\u00edas y siempre apostaremos para que est\u00e9n bien. Son personas con discapacidad, pero adem\u00e1s son personas con sentimientos y con inteligencia, y tienen el mismo valor para todos y cada uno de nosotros y en este gobierno as\u00ed lo har\u00e1n saber\u201d, expres\u00f3 Sosa Pichardo.<\/p>\n<p>Record\u00f3 que en la pasada administraci\u00f3n se realiz\u00f3 un censo y se empezaron a generar actividades que les permitieron empezar a salir de sus casas, \u201cmuchos estaban en una silla de ruedas en su casa,\u00a0 en una cama, esperando que pasar\u00e1 la vida, las horas y las semanas, y aqu\u00ed encontraron un lugar adecuado para ustedes, sus familias, logramos hacer el programa\u00a0 de equinoterapia y que salieran a tomar aire fresco\u201d.<\/p>\n<p>La presidenta del Patronato del Sistema Municipal DIF, Karina Antu\u00f1ano de Sosa, expres\u00f3 que todos los d\u00edas nos demuestran que todos somos iguales, y dijo que la discapacidad no se contagia, ni nos hace diferentes.<\/p>\n\n","protected":false},"excerpt":{"rendered":"<p>\u201cUstedes tienen el mismo valor para todos y en este gobierno as\u00ed lo har\u00e1n saber\u201d: RSP Conmemoran en Corregidora el D\u00eda Internacional de las Personas con Discapacidad.<\/p>\n","protected":false},"author":15,"featured_media":9025,"comment_status":"closed","ping_status":"open","sticky":false,"template":"","format":"standard","meta":[],"categories":[234],"tags":[],"_links":{"self":[{"href":"https:\/\/corregidora.gob.mx\/portal\/wp-json\/wp\/v2\/posts\/9028"}],"collection":[{"href":"https:\/\/corregidora.gob.mx\/portal\/wp-json\/wp\/v2\/posts"}],"about":[{"href":"https:\/\/corregidora.gob.mx\/portal\/wp-json\/wp\/v2\/types\/post"}],"author":[{"embeddable":true,"href":"https:\/\/corregidora.gob.mx\/portal\/wp-json\/wp\/v2\/users\/15"}],"replies":[{"embeddable":true,"href":"https:\/\/corregidora.gob.mx\/portal\/wp-json\/wp\/v2\/comments?post=9028"}],"version-history":[{"count":1,"href":"https:\/\/corregidora.gob.mx\/portal\/wp-json\/wp\/v2\/posts\/9028\/revisions"}],"predecessor-version":[{"id":9029,"href":"https:\/\/corregidora.gob.mx\/portal\/wp-json\/wp\/v2\/posts\/9028\/revisions\/9029"}],"wp:featuredmedia":[{"embeddable":true,"href":"https:\/\/corregidora.gob.mx\/portal\/wp-json\/wp\/v2\/media\/9025"}],"wp:attachment":[{"href":"https:\/\/corregidora.gob.mx\/portal\/wp-json\/wp\/v2\/media?parent=9028"}],"wp:term":[{"taxonomy":"category","embeddable":true,"href":"https:\/\/corregidora.gob.mx\/portal\/wp-json\/wp\/v2\/categories?post=9028"},{"taxonomy":"post_tag","embeddable":true,"href":"https:\/\/corregidora.gob.mx\/portal\/wp-json\/wp\/v2\/tags?post=9028"}],"curies":[{"name":"wp","href":"https:\/\/api.w.org\/{rel}","templated":true}]}}