{"id":9002,"date":"2018-11-23T17:27:42","date_gmt":"2018-11-23T23:27:42","guid":{"rendered":"http:\/\/www.corregidora.gob.mx\/portal\/?p=9002"},"modified":"2018-11-23T17:27:42","modified_gmt":"2018-11-23T23:27:42","slug":"corregidora-sede-de-la-reunion-anual-de-coordinadores-municipales-promotoras-ama","status":"publish","type":"post","link":"https:\/\/corregidora.gob.mx\/portal\/corregidora-sede-de-la-reunion-anual-de-coordinadores-municipales-promotoras-ama\/","title":{"rendered":"Corregidora sede de la reuni\u00f3n anual de coordinadores municipales promotoras \u201cAMA\u201d"},"content":{"rendered":"<p>&#8211;\u00a0\u00a0\u00a0\u00a0\u00a0\u00a0\u00a0Trabajo en conjunto DIF Estatal y Municipal en favor de los ni\u00f1os y j\u00f3venes<\/p>\n<p>&#8211;\u00a0\u00a0\u00a0\u00a0\u00a0\u00a0\u00a0Participaron representantes de los 18 municipios del estado.<br \/>\n<!--more--><\/p>\n<p>La presidenta del Sistema Municipal DIF Corregidora, Karina Antu\u00f1ano de Sosa encabeza en compa\u00f1\u00eda del presidente municipal Roberto Sosa Pichardo, la reuni\u00f3n anual de coordinadores municipales y promotoras de Atenci\u00f3n a Menores y Adolescentes (AMA) para revisar resultados y planificar estrategias de prevenci\u00f3n en favor de los ni\u00f1os y j\u00f3venes.<\/p>\n<p>Roberto Sosa Pichardo, presidente municipal de Corregidora, reconoci\u00f3 el trabajo de cada una de las promotoras y coordinaciones municipales, destacando la labor que realizan y la responsabilidad que esto conlleva.<\/p>\n<p>\u201cLos menores son como el cemento fresco, cualquier cosa que caiga sobre ellos deja huella, y ustedes sin duda est\u00e1n dejando huella en su actuar diario con todo lo que hacen para cada uno de ellos\u201d precis\u00f3 Sosa Pichardo.<\/p>\n<p>El programa AMA se enfoca en promover estilos de vida saludables con toda la poblaci\u00f3n del municipio, entre los ni\u00f1os y j\u00f3venes a trav\u00e9s de talleres de reflexi\u00f3n sobre los derechos de la ni\u00f1ez, tem\u00e1ticas preventivas.<\/p>\n<p>A su vez el presidente municipal record\u00f3 que en 2014 se hizo p\u00fablica la ley general de los derechos de los ni\u00f1os y de las ni\u00f1as la cual establece que se debe proteger la infancia, por lo cual invit\u00f3 a reforzar el compromiso de estar al pendiente de los ni\u00f1os y j\u00f3venes, adem\u00e1s de continuar implementando acciones preventivas y estar presentes con los j\u00f3venes y atender de manera integral la problem\u00e1tica de cada uno de ellos de la mano de los padres de familia.<\/p>\n\n","protected":false},"excerpt":{"rendered":"<p>&#8211;\u00a0\u00a0\u00a0\u00a0\u00a0\u00a0\u00a0Trabajo en conjunto DIF Estatal y Municipal en favor de los ni\u00f1os y j\u00f3venes &#8211;\u00a0\u00a0\u00a0\u00a0\u00a0\u00a0\u00a0Participaron representantes de los 18 municipios del estado.<\/p>\n","protected":false},"author":15,"featured_media":9001,"comment_status":"closed","ping_status":"open","sticky":false,"template":"","format":"standard","meta":[],"categories":[234],"tags":[],"_links":{"self":[{"href":"https:\/\/corregidora.gob.mx\/portal\/wp-json\/wp\/v2\/posts\/9002"}],"collection":[{"href":"https:\/\/corregidora.gob.mx\/portal\/wp-json\/wp\/v2\/posts"}],"about":[{"href":"https:\/\/corregidora.gob.mx\/portal\/wp-json\/wp\/v2\/types\/post"}],"author":[{"embeddable":true,"href":"https:\/\/corregidora.gob.mx\/portal\/wp-json\/wp\/v2\/users\/15"}],"replies":[{"embeddable":true,"href":"https:\/\/corregidora.gob.mx\/portal\/wp-json\/wp\/v2\/comments?post=9002"}],"version-history":[{"count":2,"href":"https:\/\/corregidora.gob.mx\/portal\/wp-json\/wp\/v2\/posts\/9002\/revisions"}],"predecessor-version":[{"id":9004,"href":"https:\/\/corregidora.gob.mx\/portal\/wp-json\/wp\/v2\/posts\/9002\/revisions\/9004"}],"wp:featuredmedia":[{"embeddable":true,"href":"https:\/\/corregidora.gob.mx\/portal\/wp-json\/wp\/v2\/media\/9001"}],"wp:attachment":[{"href":"https:\/\/corregidora.gob.mx\/portal\/wp-json\/wp\/v2\/media?parent=9002"}],"wp:term":[{"taxonomy":"category","embeddable":true,"href":"https:\/\/corregidora.gob.mx\/portal\/wp-json\/wp\/v2\/categories?post=9002"},{"taxonomy":"post_tag","embeddable":true,"href":"https:\/\/corregidora.gob.mx\/portal\/wp-json\/wp\/v2\/tags?post=9002"}],"curies":[{"name":"wp","href":"https:\/\/api.w.org\/{rel}","templated":true}]}}