{"id":8994,"date":"2018-11-23T12:54:13","date_gmt":"2018-11-23T18:54:13","guid":{"rendered":"http:\/\/www.corregidora.gob.mx\/portal\/?p=8994"},"modified":"2018-11-23T12:54:13","modified_gmt":"2018-11-23T18:54:13","slug":"escucha-roberto-sosa-a-vecinos-de-tejeda-en-visita-domiciliaria","status":"publish","type":"post","link":"https:\/\/corregidora.gob.mx\/portal\/escucha-roberto-sosa-a-vecinos-de-tejeda-en-visita-domiciliaria\/","title":{"rendered":"Escucha Roberto Sosa a vecinos de Tejeda en Visita Domiciliaria"},"content":{"rendered":"<ul>\n<li><em>El parque tendr\u00e1 alumbrado p\u00fablico y se dar\u00e1 mantenimiento a las \u00e1reas verdes.<\/em><\/li>\n<li><em>Se implementar\u00e1 programa de seguridad con c\u00e1maras.<\/em><\/li>\n<\/ul>\n<p><!--more--><\/p>\n<p>El presidente municipal de Corregidora, Roberto Sosa Pichardo, se reuni\u00f3 con vecinos de Tejeda, como parte del programa Visita Domiciliaria, donde se comprometi\u00f3 con los colonos a atender las necesidades de alumbrado en el parque, as\u00ed como dar mantenimiento a las \u00e1reas verdes.<\/p>\n<p>Durante este encuentro, los vecinos tambi\u00e9n pidieron implementar m\u00e1s estrategias de seguridad, debido a que es una problem\u00e1tica recurrente, y de las que mayor preocupaci\u00f3n expresaron.<\/p>\n<p>Ante dicha inquietud, Roberto Sosa explic\u00f3 que se impulsar\u00e1 un proyecto que busca incrementar el n\u00famero de polic\u00edas, y la colocaci\u00f3n de c\u00e1maras en sus principales accesos de las colonias, mismas que estar\u00edan conectadas al C4, as\u00ed como la implementaci\u00f3n del Vecino Vigilante y la entrega de imanes con los n\u00fameros de los oficiales responsables de la zona.<\/p>\n<p>Sobre los se\u00f1alamientos que hicieron algunos colonos por la presencia de baches, el alcalde les record\u00f3 que esta semana arranc\u00f3 el programa Resolvemos en 24 Horas, con el cual, los ciudadanos reportan a trav\u00e9s del n\u00famero de WhatsApp 4422810094, baches o luminarias descompuestas, y el compromiso del municipio es atender en un plazo m\u00e1ximo de 24 horas.<\/p>\n<p>En el caso de las calles que s\u00ed requieren reencarpetado, pidi\u00f3 al \u00e1rea de Obras P\u00fablicas dar seguimiento con los vecinos, para analizar la viabilidad de realizarlo, y sobre la instalaci\u00f3n de topes, pidi\u00f3 a los vecinos que sean ellos quienes tomen la decisi\u00f3n, aunque el municipio puede apoyar con la opini\u00f3n t\u00e9cnica.<\/p>\n<p>Respecto a la limpieza de lotes bald\u00edos, confi\u00f3 en que el cabildo apruebe la propuesta para que los propietarios realicen un pago \u00fanico junto con el predial y que el municipio pueda mantenerlos limpios todo el a\u00f1o, pues les record\u00f3 que por ser propiedad privada no se puede ingresar.<\/p>\n<p>Finalmente, dijo a los ciudadanos que entre m\u00e1s organizaci\u00f3n tengan entre los vecinos, mejor podr\u00e1n atenderse los diferentes temas y agreg\u00f3 que vienen nuevos proyecto para estar en comunicaci\u00f3n.<\/p>\n<p>\u201cEstaremos permanentemente con ustedes. Ay\u00fadennos a gobernar, si nos pueden\u00a0 ayudar a observar situaciones de riesgo reporten, y gracias por la oportunidad\u201d, expres\u00f3 Sosa Pichardo.<\/p>\n\n","protected":false},"excerpt":{"rendered":"<p>El parque tendr\u00e1 alumbrado p\u00fablico y se dar\u00e1 mantenimiento a las \u00e1reas verdes. Se implementar\u00e1 programa de seguridad con c\u00e1maras.<\/p>\n","protected":false},"author":15,"featured_media":8992,"comment_status":"closed","ping_status":"open","sticky":false,"template":"","format":"standard","meta":[],"categories":[234],"tags":[],"_links":{"self":[{"href":"https:\/\/corregidora.gob.mx\/portal\/wp-json\/wp\/v2\/posts\/8994"}],"collection":[{"href":"https:\/\/corregidora.gob.mx\/portal\/wp-json\/wp\/v2\/posts"}],"about":[{"href":"https:\/\/corregidora.gob.mx\/portal\/wp-json\/wp\/v2\/types\/post"}],"author":[{"embeddable":true,"href":"https:\/\/corregidora.gob.mx\/portal\/wp-json\/wp\/v2\/users\/15"}],"replies":[{"embeddable":true,"href":"https:\/\/corregidora.gob.mx\/portal\/wp-json\/wp\/v2\/comments?post=8994"}],"version-history":[{"count":1,"href":"https:\/\/corregidora.gob.mx\/portal\/wp-json\/wp\/v2\/posts\/8994\/revisions"}],"predecessor-version":[{"id":8995,"href":"https:\/\/corregidora.gob.mx\/portal\/wp-json\/wp\/v2\/posts\/8994\/revisions\/8995"}],"wp:featuredmedia":[{"embeddable":true,"href":"https:\/\/corregidora.gob.mx\/portal\/wp-json\/wp\/v2\/media\/8992"}],"wp:attachment":[{"href":"https:\/\/corregidora.gob.mx\/portal\/wp-json\/wp\/v2\/media?parent=8994"}],"wp:term":[{"taxonomy":"category","embeddable":true,"href":"https:\/\/corregidora.gob.mx\/portal\/wp-json\/wp\/v2\/categories?post=8994"},{"taxonomy":"post_tag","embeddable":true,"href":"https:\/\/corregidora.gob.mx\/portal\/wp-json\/wp\/v2\/tags?post=8994"}],"curies":[{"name":"wp","href":"https:\/\/api.w.org\/{rel}","templated":true}]}}