{"id":8978,"date":"2018-11-21T13:46:21","date_gmt":"2018-11-21T19:46:21","guid":{"rendered":"http:\/\/www.corregidora.gob.mx\/portal\/?p=8978"},"modified":"2018-11-21T13:46:21","modified_gmt":"2018-11-21T19:46:21","slug":"visita-sosa-pichardo-a-vecinos-de-las-fuentes-los-pajaros-y-la-gavia","status":"publish","type":"post","link":"https:\/\/corregidora.gob.mx\/portal\/visita-sosa-pichardo-a-vecinos-de-las-fuentes-los-pajaros-y-la-gavia\/","title":{"rendered":"Visita Sosa Pichardo a vecinos de Las Fuentes, Los P\u00e1jaros y La Gavia"},"content":{"rendered":"<ul>\n<li><em>Trasladar\u00e1n patio de autobuses a otro espacio.<\/em><\/li>\n<li><em>Priorizar necesidades, pide Roberto Sosa.<\/em><\/li>\n<\/ul>\n<p><!--more--><\/p>\n<p>El presidente municipal de Corregidora, Roberto Sosa Pichardo, se reuni\u00f3 con vecinos de las colonias La Gavia, Los P\u00e1jaros y Las Fuentes, como parte del programa Visita Domiciliaria. En la reuni\u00f3n expusieron las problem\u00e1ticas en com\u00fan para encontrar soluciones en conjunto, priorizando sus necesidades.<\/p>\n<p>Una de las problem\u00e1ticas que la mayor\u00eda de los vecinos report\u00f3 fue la presencia del paradero de autobuses que, al estar muy cerca de las viviendas, afecta por el ruido de los camiones, adem\u00e1s de que ha provocado inundaciones y malos olores por las descargas que se hacen.<\/p>\n<p>En torno a esta petici\u00f3n, el alcalde indic\u00f3 que este ser\u00e1 reubicado a un terreno que se encuentra en el Libramiento Sur Poniente, con el apoyo de las autoridades competentes.<\/p>\n<p>\u201cVamos a limpiar la parte de ese terreno que nos pide el Instituto Queretano del Transporte para poder llevarnos a la brevedad todos los autobuses para all\u00e1, esto se va a terminar\u201d, indic\u00f3 el alcalde quien anticip\u00f3 que antes de que concluya el a\u00f1o se estar\u00edan trasladando todos los autobuses a ese terreno.<\/p>\n<p>Los vecinos expusieron tambi\u00e9n sus inquietudes en materia de seguridad y la necesidad de limpieza en drenes, donde el alcalde anunci\u00f3 el proyecto para la reparaci\u00f3n del dren pluvial y la separaci\u00f3n de aguas, as\u00ed como la limpieza de drenes que inicia en enero.<\/p>\n<p>Respecto a la solicitud que hicieron los vecinos para nivelaci\u00f3n de calles, se anticip\u00f3 el proyecto de construcci\u00f3n de un c\u00e1rcamo de amortiguamiento en la entrada de La Gavia, la cual se encuentra en proceso de contrataci\u00f3n, para evitar encharcamientos que afectan tambi\u00e9n a los vecinos de Los P\u00e1jaros.<\/p>\n<p>En materia de bacheo en calles empedradas, se hizo el compromiso de atender, as\u00ed como la colocaci\u00f3n de un puente peatonal a la altura de plaza Citadina.<\/p>\n<p>\u201cEs muy importante que estemos organizados como vecinos, vamos a echar a andar un programa que ya lo conocen, el programa de vecino vigilante, no es otra cosa m\u00e1s que hacer comunidad y estar comunicados en WhatsApp y que nos puedan invitar junto con el comandante de Seguridad P\u00fablica responsable de la zona\u201d.<\/p>\n\n<p>&nbsp;<\/p>\n","protected":false},"excerpt":{"rendered":"<p>Trasladar\u00e1n patio de autobuses a otro espacio. Priorizar necesidades, pide Roberto Sosa.<\/p>\n","protected":false},"author":15,"featured_media":8976,"comment_status":"closed","ping_status":"open","sticky":false,"template":"","format":"standard","meta":[],"categories":[234],"tags":[],"_links":{"self":[{"href":"https:\/\/corregidora.gob.mx\/portal\/wp-json\/wp\/v2\/posts\/8978"}],"collection":[{"href":"https:\/\/corregidora.gob.mx\/portal\/wp-json\/wp\/v2\/posts"}],"about":[{"href":"https:\/\/corregidora.gob.mx\/portal\/wp-json\/wp\/v2\/types\/post"}],"author":[{"embeddable":true,"href":"https:\/\/corregidora.gob.mx\/portal\/wp-json\/wp\/v2\/users\/15"}],"replies":[{"embeddable":true,"href":"https:\/\/corregidora.gob.mx\/portal\/wp-json\/wp\/v2\/comments?post=8978"}],"version-history":[{"count":1,"href":"https:\/\/corregidora.gob.mx\/portal\/wp-json\/wp\/v2\/posts\/8978\/revisions"}],"predecessor-version":[{"id":8979,"href":"https:\/\/corregidora.gob.mx\/portal\/wp-json\/wp\/v2\/posts\/8978\/revisions\/8979"}],"wp:featuredmedia":[{"embeddable":true,"href":"https:\/\/corregidora.gob.mx\/portal\/wp-json\/wp\/v2\/media\/8976"}],"wp:attachment":[{"href":"https:\/\/corregidora.gob.mx\/portal\/wp-json\/wp\/v2\/media?parent=8978"}],"wp:term":[{"taxonomy":"category","embeddable":true,"href":"https:\/\/corregidora.gob.mx\/portal\/wp-json\/wp\/v2\/categories?post=8978"},{"taxonomy":"post_tag","embeddable":true,"href":"https:\/\/corregidora.gob.mx\/portal\/wp-json\/wp\/v2\/tags?post=8978"}],"curies":[{"name":"wp","href":"https:\/\/api.w.org\/{rel}","templated":true}]}}