{"id":7997,"date":"2018-01-03T09:42:36","date_gmt":"2018-01-03T15:42:36","guid":{"rendered":"http:\/\/www.corregidora.gob.mx\/portal\/?p=7997"},"modified":"2018-01-03T09:42:36","modified_gmt":"2018-01-03T15:42:36","slug":"arranca-construccion-de-cruz-roja-en-corregidora","status":"publish","type":"post","link":"https:\/\/corregidora.gob.mx\/portal\/arranca-construccion-de-cruz-roja-en-corregidora\/","title":{"rendered":"Arranca construcci\u00f3n de Cruz Roja en Corregidora"},"content":{"rendered":"<ul>\n<li class=\"m_-4293433202139476535gmail-MsoListParagraphCxSpFirst\"><i><span lang=\"ES\">Se ejecutar\u00e1 con una inversi\u00f3n superior a los 7 millones, 500 mil pesos.<\/span><\/i><\/li>\n<li class=\"m_-4293433202139476535gmail-MsoListParagraphCxSpFirst\"><i><span lang=\"ES\">Contar\u00e1 con una unidad m\u00f3vil para atenci\u00f3n de terapia intensiva.<\/span><\/i><\/li>\n<\/ul>\n<p><!--more--><\/p>\n<div class=\"yj6qo ajU\"><img loading=\"lazy\" class=\"alignnone  wp-image-7999 alignright\" src=\"http:\/\/www.corregidora.gob.mx\/portal\/wp-content\/uploads\/2018\/01\/web_MG_9095-1024x683.jpg\" alt=\"web_MG_9095\" width=\"400\" height=\"267\" srcset=\"https:\/\/corregidora.gob.mx\/portal\/wp-content\/uploads\/2018\/01\/web_MG_9095-1024x683.jpg 1024w, https:\/\/corregidora.gob.mx\/portal\/wp-content\/uploads\/2018\/01\/web_MG_9095-300x200.jpg 300w, https:\/\/corregidora.gob.mx\/portal\/wp-content\/uploads\/2018\/01\/web_MG_9095-768x512.jpg 768w, https:\/\/corregidora.gob.mx\/portal\/wp-content\/uploads\/2018\/01\/web_MG_9095.jpg 1500w\" sizes=\"(max-width: 400px) 100vw, 400px\" \/><\/div>\n<div class=\"yj6qo ajU\">Mauricio Kuri Gonz\u00e1lez, presidente municipal de Corregidora, encabez\u00f3 el arranque de obra de la base de la Cruz Roja en el municipio, misma que se ejecutar\u00e1 con una inversi\u00f3n de 7 millones, 503 mil, 708 pesos.<\/p>\n<p class=\"m_-4293433202139476535gmail-MsoNormal\"><span lang=\"ES-TRAD\">La obra se construye sobre un terreno de\u00a01.5 hect\u00e1reas; constar\u00e1 de 2 pisos, andenes de ambulancia, un consultorio m\u00e9dico, dos salas de curaciones con un carro rojo, mediante el cual se podr\u00e1 atender emergencias que atenten contra la vida de los ciudadanos.<\/span><\/p>\n<p class=\"m_-4293433202139476535gmail-MsoNormal\"><span lang=\"ES-TRAD\">\u00a0\u201cLo que se haga en Corregidora para la Cruz Roja es para toda la vida, para reaccionar en los momentos m\u00e1s complicados de salud, por eso es que es indispensable el contar con esta base, mi mayor reconocimiento al trabajo que realizan d\u00eda a d\u00eda los voluntarios en momentos tan cruciales, se\u00f1al\u00f3 Kuri Gonz\u00e1lez.<\/span><\/p>\n<p class=\"m_-4293433202139476535gmail-MsoNormal\"><span lang=\"ES-TRAD\">Gracias a su construcci\u00f3n, la Cruz Roja podr\u00e1 sumarse a los esfuerzos que realiza la Direcci\u00f3n de Protecci\u00f3n Civil Municipal para la atenci\u00f3n de emergencias m\u00e9dicas y accidentes.\u00a0 De igual forma permitir\u00e1 acortar los tiempos de atenci\u00f3n, esto por su geolocalizaci\u00f3n pr\u00f3xima a las principales vialidades del municipio.<\/span><\/p>\n<p class=\"m_-4293433202139476535gmail-MsoNormal\"><span lang=\"ES-TRAD\">En su oportunidad, Rodrigo de Villasante Herbert, Delegado Estatal y Consejero Nacional de la Cruz Roja Mexicana, detall\u00f3 que el objetivo primordial de contar con esta base es estar m\u00e1s cerca de la ciudadan\u00eda, salvar vidas y ser eficientes en su servicio, por lo que se destinar\u00e1n dos nuevas ambulancias con un valor de un mill\u00f3n de pesos cada una.<\/span><\/p>\n<p class=\"m_-4293433202139476535gmail-MsoNormal\"><span lang=\"ES-TRAD\">Acompa\u00f1aron en la l\u00ednea de honor al alcalde:\u00a0<\/span><span lang=\"ES-TRAD\">Rodrigo de Villasante Herbert, Delegado Estatal y Consejero Nacional de la Cruz Roja Mexicana, Alejandra Vega Reyes, Presidenta de la C\u00e1mara Mexicana de la Industria de la Construcci\u00f3n, Rogelio Vega V\u00e1zquez Mellado, Jefe de Gabinete Municipal y Ma. Elena Duarte Alcocer, Secretaria del Ayuntamiento.<\/span><\/p>\n<p class=\"m_-4293433202139476535gmail-MsoNormal\">\n<div class=\"yj6qo ajU\">\n<div id=\":1f4\" class=\"ajR\" tabindex=\"0\" data-tooltip=\"Mostrar contenido acortado\"><img class=\"ajT\" src=\"https:\/\/ssl.gstatic.com\/ui\/v1\/icons\/mail\/images\/cleardot.gif\" \/><\/div>\n<\/div>\n<\/div>\n","protected":false},"excerpt":{"rendered":"<p>Se ejecutar\u00e1 con una inversi\u00f3n superior a los 7 millones, 500 mil pesos. Contar\u00e1 con una unidad m\u00f3vil para atenci\u00f3n de terapia intensiva.<\/p>\n","protected":false},"author":15,"featured_media":7998,"comment_status":"closed","ping_status":"open","sticky":false,"template":"","format":"standard","meta":[],"categories":[234],"tags":[],"_links":{"self":[{"href":"https:\/\/corregidora.gob.mx\/portal\/wp-json\/wp\/v2\/posts\/7997"}],"collection":[{"href":"https:\/\/corregidora.gob.mx\/portal\/wp-json\/wp\/v2\/posts"}],"about":[{"href":"https:\/\/corregidora.gob.mx\/portal\/wp-json\/wp\/v2\/types\/post"}],"author":[{"embeddable":true,"href":"https:\/\/corregidora.gob.mx\/portal\/wp-json\/wp\/v2\/users\/15"}],"replies":[{"embeddable":true,"href":"https:\/\/corregidora.gob.mx\/portal\/wp-json\/wp\/v2\/comments?post=7997"}],"version-history":[{"count":1,"href":"https:\/\/corregidora.gob.mx\/portal\/wp-json\/wp\/v2\/posts\/7997\/revisions"}],"predecessor-version":[{"id":8000,"href":"https:\/\/corregidora.gob.mx\/portal\/wp-json\/wp\/v2\/posts\/7997\/revisions\/8000"}],"wp:featuredmedia":[{"embeddable":true,"href":"https:\/\/corregidora.gob.mx\/portal\/wp-json\/wp\/v2\/media\/7998"}],"wp:attachment":[{"href":"https:\/\/corregidora.gob.mx\/portal\/wp-json\/wp\/v2\/media?parent=7997"}],"wp:term":[{"taxonomy":"category","embeddable":true,"href":"https:\/\/corregidora.gob.mx\/portal\/wp-json\/wp\/v2\/categories?post=7997"},{"taxonomy":"post_tag","embeddable":true,"href":"https:\/\/corregidora.gob.mx\/portal\/wp-json\/wp\/v2\/tags?post=7997"}],"curies":[{"name":"wp","href":"https:\/\/api.w.org\/{rel}","templated":true}]}}