{"id":7981,"date":"2018-01-03T08:53:34","date_gmt":"2018-01-03T14:53:34","guid":{"rendered":"http:\/\/www.corregidora.gob.mx\/portal\/?p=7981"},"modified":"2018-01-03T08:53:34","modified_gmt":"2018-01-03T14:53:34","slug":"entrega-mauricio-kuri-empedrado-de-calles-en-valle-arboledas","status":"publish","type":"post","link":"https:\/\/corregidora.gob.mx\/portal\/entrega-mauricio-kuri-empedrado-de-calles-en-valle-arboledas\/","title":{"rendered":"Entrega Mauricio Kuri empedrado de calles en Valle Arboledas"},"content":{"rendered":"<ul>\n<li><i><span lang=\"ES\">Se realiz\u00f3 con una inversi\u00f3n de nueve millones 864 mil 266 pesos.<\/span><\/i><\/li>\n<li><i><span lang=\"ES\">Ser\u00e1n beneficiados m\u00e1s de mil ciudadanos.<\/span><\/i><\/li>\n<\/ul>\n<p><i><span lang=\"ES\">\u00a0<\/span><\/i><\/p>\n<p><!--more--><img loading=\"lazy\" class=\"alignnone  wp-image-7979 alignright\" src=\"http:\/\/www.corregidora.gob.mx\/portal\/wp-content\/uploads\/2018\/01\/Empedrado-de-calles-en-Valle-Arboledas-1-1024x683.jpg\" alt=\"Empedrado de calles en Valle Arboledas (1)\" width=\"380\" height=\"253\" srcset=\"https:\/\/corregidora.gob.mx\/portal\/wp-content\/uploads\/2018\/01\/Empedrado-de-calles-en-Valle-Arboledas-1-1024x683.jpg 1024w, https:\/\/corregidora.gob.mx\/portal\/wp-content\/uploads\/2018\/01\/Empedrado-de-calles-en-Valle-Arboledas-1-300x200.jpg 300w, https:\/\/corregidora.gob.mx\/portal\/wp-content\/uploads\/2018\/01\/Empedrado-de-calles-en-Valle-Arboledas-1-768x512.jpg 768w, https:\/\/corregidora.gob.mx\/portal\/wp-content\/uploads\/2018\/01\/Empedrado-de-calles-en-Valle-Arboledas-1.jpg 1500w\" sizes=\"(max-width: 380px) 100vw, 380px\" \/>Mauricio Kuri Gonz\u00e1lez, presidente municipal de Corregidora, entreg\u00f3 el empedrado de las calles<span lang=\"ES-TRAD\">\u00a0<\/span><span lang=\"ES-TRAD\">Eucalipto, Roble, Cedros y Mezquite, en la colonia Valle Arboledas.<\/span><\/p>\n<p class=\"m_-4532296904643136532gmail-MsoNormal\">\u201cPara m\u00ed, realizar estos trabajos fue un compromiso personal. Cerremos el a\u00f1o con mucha esperanza hacia el 2018, vamos por buen camino para que Corregidora siga siendo punta de lanza no s\u00f3lo a nivel estatal, sino tambi\u00e9n nacional\u201d, precis\u00f3 Kuri Gonz\u00e1lez.<\/p>\n<p class=\"m_-4532296904643136532gmail-MsoNormal\">Con una inversi\u00f3n de nueve millones 864 mil 266 pesos, esta obra beneficiar\u00e1 a m\u00e1s de mil ciudadanos que viven en el lugar, quienes podr\u00e1n realizar recorridos en autom\u00f3vil y a pie por vialidades m\u00e1s dignas y rehabilitadas.<\/p>\n<p class=\"m_-4532296904643136532gmail-MsoNormal\">Los alcances de estos trabajos contemplaron 2,394m de guarnici\u00f3n de concreto; 3,490m2 de banqueta de 10cm de espesor; 58m2 de rampa de 10cm de espesor; 52 piezas de forjado de cajillo y 10,639m2 de empedrado con mortero.<\/p>\n<p class=\"m_-4532296904643136532gmail-MsoNormal\">Adem\u00e1s, 452m2 de paso peatonal; 68m de forjado de tope vehicular y 515m de pintura para control de tr\u00e1fico.<\/p>\n","protected":false},"excerpt":{"rendered":"<p>Se realiz\u00f3 con una inversi\u00f3n de nueve millones 864 mil 266 pesos. Ser\u00e1n beneficiados m\u00e1s de mil ciudadanos. \u00a0<\/p>\n","protected":false},"author":15,"featured_media":7980,"comment_status":"closed","ping_status":"open","sticky":false,"template":"","format":"standard","meta":[],"categories":[234],"tags":[],"_links":{"self":[{"href":"https:\/\/corregidora.gob.mx\/portal\/wp-json\/wp\/v2\/posts\/7981"}],"collection":[{"href":"https:\/\/corregidora.gob.mx\/portal\/wp-json\/wp\/v2\/posts"}],"about":[{"href":"https:\/\/corregidora.gob.mx\/portal\/wp-json\/wp\/v2\/types\/post"}],"author":[{"embeddable":true,"href":"https:\/\/corregidora.gob.mx\/portal\/wp-json\/wp\/v2\/users\/15"}],"replies":[{"embeddable":true,"href":"https:\/\/corregidora.gob.mx\/portal\/wp-json\/wp\/v2\/comments?post=7981"}],"version-history":[{"count":1,"href":"https:\/\/corregidora.gob.mx\/portal\/wp-json\/wp\/v2\/posts\/7981\/revisions"}],"predecessor-version":[{"id":7982,"href":"https:\/\/corregidora.gob.mx\/portal\/wp-json\/wp\/v2\/posts\/7981\/revisions\/7982"}],"wp:featuredmedia":[{"embeddable":true,"href":"https:\/\/corregidora.gob.mx\/portal\/wp-json\/wp\/v2\/media\/7980"}],"wp:attachment":[{"href":"https:\/\/corregidora.gob.mx\/portal\/wp-json\/wp\/v2\/media?parent=7981"}],"wp:term":[{"taxonomy":"category","embeddable":true,"href":"https:\/\/corregidora.gob.mx\/portal\/wp-json\/wp\/v2\/categories?post=7981"},{"taxonomy":"post_tag","embeddable":true,"href":"https:\/\/corregidora.gob.mx\/portal\/wp-json\/wp\/v2\/tags?post=7981"}],"curies":[{"name":"wp","href":"https:\/\/api.w.org\/{rel}","templated":true}]}}