{"id":7966,"date":"2018-01-02T14:43:40","date_gmt":"2018-01-02T20:43:40","guid":{"rendered":"http:\/\/www.corregidora.gob.mx\/portal\/?p=7966"},"modified":"2018-01-02T14:43:40","modified_gmt":"2018-01-02T20:43:40","slug":"ratifica-la-uaq-a-corregidora-como-un-municipio-libre-de-practicas-de-corrupcion","status":"publish","type":"post","link":"https:\/\/corregidora.gob.mx\/portal\/ratifica-la-uaq-a-corregidora-como-un-municipio-libre-de-practicas-de-corrupcion\/","title":{"rendered":"Ratifica la UAQ a Corregidora como un municipio libre de pr\u00e1cticas de corrupci\u00f3n"},"content":{"rendered":"<ul>\n<li><b><span lang=\"ES-TRAD\">\u00a0<\/span><\/b><i><span lang=\"ES\">Esta distinci\u00f3n a la demarcaci\u00f3n se realiza por segundo a\u00f1o consecutivo.<\/span><\/i><\/li>\n<li><i><span lang=\"ES\">Recibe el alcalde reconocimiento por su compromiso a favor de la transparencia.<\/span><\/i><\/li>\n<\/ul>\n<p><!--more--><\/p>\n<p><img loading=\"lazy\" class=\"wp-image-7967 aligncenter\" src=\"http:\/\/www.corregidora.gob.mx\/portal\/wp-content\/uploads\/2018\/01\/Ratifica-la-UAQ-a-Corregidora-como-un-municipio-libre-de-pr\u00e1cticas-de-corrupci\u00f3n-1-1024x683.jpg\" alt=\"Ratifica la UAQ a Corregidora como un municipio libre de pr\u00e1cticas de corrupci\u00f3n (1)\" width=\"341\" height=\"227\" srcset=\"https:\/\/corregidora.gob.mx\/portal\/wp-content\/uploads\/2018\/01\/Ratifica-la-UAQ-a-Corregidora-como-un-municipio-libre-de-pr\u00e1cticas-de-corrupci\u00f3n-1-1024x683.jpg 1024w, https:\/\/corregidora.gob.mx\/portal\/wp-content\/uploads\/2018\/01\/Ratifica-la-UAQ-a-Corregidora-como-un-municipio-libre-de-pr\u00e1cticas-de-corrupci\u00f3n-1-300x200.jpg 300w, https:\/\/corregidora.gob.mx\/portal\/wp-content\/uploads\/2018\/01\/Ratifica-la-UAQ-a-Corregidora-como-un-municipio-libre-de-pr\u00e1cticas-de-corrupci\u00f3n-1-768x512.jpg 768w, https:\/\/corregidora.gob.mx\/portal\/wp-content\/uploads\/2018\/01\/Ratifica-la-UAQ-a-Corregidora-como-un-municipio-libre-de-pr\u00e1cticas-de-corrupci\u00f3n-1.jpg 1500w\" sizes=\"(max-width: 341px) 100vw, 341px\" \/><\/p>\n<p>En el marco del D\u00eda Internacional contra la Corrupci\u00f3n,\u00a0 Corregidora fue ratificado como un municipio sin pr\u00e1cticas de corrupci\u00f3n, por la Universidad Aut\u00f3noma de Quer\u00e9taro (UAQ), a trav\u00e9s del Instituto de Investigaciones Multidisciplinarias.<\/p>\n<p><span lang=\"ES-TRAD\">\u201c<\/span><span lang=\"ES-TRAD\">Las personas no s\u00f3lo quieren ver beneficios en sus casas, en su empleo y en la calle, lo que quieren ver tambi\u00e9n, son gobiernos transparentes (\u2026) la t\u00f3nica del municipio ha sido siempre escuchar a los ciudadanos, por eso es una Corregidora Ciudadana y en ese sentido vamos a seguir trabajando\u201d, precis\u00f3 Mauricio Kuri Gonz\u00e1lez, presidente municipal de Corregidora.<\/span><\/p>\n<p class=\"m_-6808999249888117526gmail-MsoNormal\">Un total de 11 Secretar\u00edas y Direcciones fueron reconocidas por poner en marcha la implementaci\u00f3n del Modelo de Acciones Preventivas contra la Corrupci\u00f3n, entre ellas, la Secretar\u00eda de Control Interno y Combate a la Corrupci\u00f3n, la Secretar\u00eda de Desarrollo Sustentable, Direcci\u00f3n de Recursos Humanos y la Direcci\u00f3n de Protecci\u00f3n Civil.<\/p>\n<p class=\"m_-6808999249888117526gmail-MsoNormal\">Adem\u00e1s, se otorg\u00f3 el certificado a la Direcci\u00f3n de Registro Civil, a la Secretar\u00eda de Seguridad P\u00fablica y Tr\u00e1nsito Municipal, la Secretar\u00eda de Tesorer\u00eda y Finanzas, Secretar\u00eda de Desarrollo Urbano y Obras P\u00fablicas, Secretar\u00eda de Servicios P\u00fablicos Municipales, la Direcci\u00f3n de Educaci\u00f3n y Cultura y al Programa M\u00e1s Acci\u00f3n Ciudadana (MAC).<\/p>\n<p class=\"m_-6808999249888117526gmail-MsoNormal\">Como parte de la ceremonia, se entreg\u00f3 un\u00a0 reconocimiento al alcalde por su compromiso a favor de la transparencia.<\/p>\n<p class=\"m_-6808999249888117526gmail-MsoNormal\">\u201cDe lo que m\u00e1s orgulloso me he sentido es que somos un municipio sin impunidad, porque s\u00ed se vale tener lana, s\u00ed se vale que a la gente le vaya bien, lo que no se vale es c\u00f3mo lo quieran hacer y que una universidad como la UAQ nos diga que tenemos todos los elementos para combatir la corrupci\u00f3n, me llena de satisfacci\u00f3n\u201d, expres\u00f3.<\/p>\n<p class=\"m_-6808999249888117526gmail-MsoNormal\">Una vez concluido el evento, tuvo lugar la conferencia\u00a0<i>Sistema Nacional Anticorrupci\u00f3n<\/i>, impartida por Eleazar Pablo Moreno Moreno, presidente del Colegio de Derecho Disciplinario, Control Gubernamental y Gesti\u00f3n P\u00fablica A. C.<\/p>\n<p class=\"m_-6808999249888117526gmail-MsoNormal\">Acompa\u00f1aron al edil en la l\u00ednea de honor: Rogelio Vega V\u00e1zquez Mellado, jefe de Gabinete; Oscar Garc\u00eda Gonz\u00e1lez, secretario de Control Interno y Combate a la Corrupci\u00f3n Municipal; Laura Ang\u00e9lica Dorantes Castillo, regidora presidenta de la Comisi\u00f3n de Transparencia; Ra\u00fal Mart\u00ednez Merling, coordinador acad\u00e9mico del Instituto de Investigaciones Multidisciplinarias de la UAQ y Julio C\u00e9sar Schara, director del Instituto de Investigaciones Multidisciplinarias de la UAQ.<\/p>\n","protected":false},"excerpt":{"rendered":"<p>\u00a0Esta distinci\u00f3n a la demarcaci\u00f3n se realiza por segundo a\u00f1o consecutivo. Recibe el alcalde reconocimiento por su compromiso a favor de la transparencia.<\/p>\n","protected":false},"author":15,"featured_media":7968,"comment_status":"closed","ping_status":"open","sticky":false,"template":"","format":"standard","meta":[],"categories":[234],"tags":[],"_links":{"self":[{"href":"https:\/\/corregidora.gob.mx\/portal\/wp-json\/wp\/v2\/posts\/7966"}],"collection":[{"href":"https:\/\/corregidora.gob.mx\/portal\/wp-json\/wp\/v2\/posts"}],"about":[{"href":"https:\/\/corregidora.gob.mx\/portal\/wp-json\/wp\/v2\/types\/post"}],"author":[{"embeddable":true,"href":"https:\/\/corregidora.gob.mx\/portal\/wp-json\/wp\/v2\/users\/15"}],"replies":[{"embeddable":true,"href":"https:\/\/corregidora.gob.mx\/portal\/wp-json\/wp\/v2\/comments?post=7966"}],"version-history":[{"count":1,"href":"https:\/\/corregidora.gob.mx\/portal\/wp-json\/wp\/v2\/posts\/7966\/revisions"}],"predecessor-version":[{"id":7969,"href":"https:\/\/corregidora.gob.mx\/portal\/wp-json\/wp\/v2\/posts\/7966\/revisions\/7969"}],"wp:featuredmedia":[{"embeddable":true,"href":"https:\/\/corregidora.gob.mx\/portal\/wp-json\/wp\/v2\/media\/7968"}],"wp:attachment":[{"href":"https:\/\/corregidora.gob.mx\/portal\/wp-json\/wp\/v2\/media?parent=7966"}],"wp:term":[{"taxonomy":"category","embeddable":true,"href":"https:\/\/corregidora.gob.mx\/portal\/wp-json\/wp\/v2\/categories?post=7966"},{"taxonomy":"post_tag","embeddable":true,"href":"https:\/\/corregidora.gob.mx\/portal\/wp-json\/wp\/v2\/tags?post=7966"}],"curies":[{"name":"wp","href":"https:\/\/api.w.org\/{rel}","templated":true}]}}