{"id":7830,"date":"2017-11-21T09:30:36","date_gmt":"2017-11-21T15:30:36","guid":{"rendered":"http:\/\/www.corregidora.gob.mx\/portal\/?p=7830"},"modified":"2017-11-21T09:30:36","modified_gmt":"2017-11-21T15:30:36","slug":"mas-de-400-vacantes-ofertadas-en-la-feria-del-empleo-corregidora-2017","status":"publish","type":"post","link":"https:\/\/corregidora.gob.mx\/portal\/mas-de-400-vacantes-ofertadas-en-la-feria-del-empleo-corregidora-2017\/","title":{"rendered":"M\u00e1s de 400 vacantes ofertadas en la\u00a0Feria del Empleo Corregidora\u00a02017"},"content":{"rendered":"<ul>\n<li><em>Participaron 25 empresas de distintos ramos.<\/em><\/li>\n<li><em>Se ofrecieron 220 empleos para personas con discapacidad.<\/em><\/li>\n<\/ul>\n<p><!--more--><\/p>\n<p><img loading=\"lazy\" class=\"alignnone  wp-image-7832 alignleft\" src=\"http:\/\/www.corregidora.gob.mx\/portal\/wp-content\/uploads\/2017\/11\/Feria-del-Empleo-Corregidora-2017-3-1024x683.jpg\" alt=\"Feria del Empleo Corregidora 2017 (3)\" width=\"384\" height=\"256\" srcset=\"https:\/\/corregidora.gob.mx\/portal\/wp-content\/uploads\/2017\/11\/Feria-del-Empleo-Corregidora-2017-3-1024x683.jpg 1024w, https:\/\/corregidora.gob.mx\/portal\/wp-content\/uploads\/2017\/11\/Feria-del-Empleo-Corregidora-2017-3-300x200.jpg 300w, https:\/\/corregidora.gob.mx\/portal\/wp-content\/uploads\/2017\/11\/Feria-del-Empleo-Corregidora-2017-3-768x512.jpg 768w, https:\/\/corregidora.gob.mx\/portal\/wp-content\/uploads\/2017\/11\/Feria-del-Empleo-Corregidora-2017-3.jpg 1500w\" sizes=\"(max-width: 384px) 100vw, 384px\" \/><\/p>\n<p>Mauricio Kuri Gonz\u00e1lez, presidente municipal de Corregidora, encabez\u00f3 la inauguraci\u00f3n de la\u00a0<em>Feria del Empleo Corregidora<\/em>\u00a02017, la que se realiz\u00f3 en el jard\u00edn principal de El Pueblito con la participaci\u00f3n de 25 empresas.<\/p>\n<p>Estas \u00faltimas pertenecientes a distintos sectores, ofertaron 428 vacantes, adem\u00e1s de 220 oportunidades para personas con discapacidad, con sueldos que van desde los cuatro mil 500, hasta los 25 mil pesos.<\/p>\n<p>El objetivo del evento es que los ciudadanos se pongan en contacto directo, al mismo tiempo y en un mismo espacio f\u00edsico, con diversos oferentes de empleo en proceso de reclutamiento y selecci\u00f3n de personal.<\/p>\n<p>Con acciones como esta, \u00a0empleadores y buscadores de trabajo disminuyen significativamente el tiempo y costo invertido en dichos procesos. Adem\u00e1s, los interesados pueden conocer, mejor que en ning\u00fan otro lado, las oportunidades de empleo efectivamente disponibles, los perfiles laborales que requiere el sector productivo y las condiciones de trabajo ofrecidas.<\/p>\n<p>Las empresas, por su parte, entran en contacto con un n\u00famero importante de solicitantes y de esta manera, ampl\u00edan su informaci\u00f3n sobre los perfiles laborales disponibles en la regi\u00f3n, sus intereses particulares y las condiciones de competencia para atraer y contratar a futuros colaboradores.<\/p>\n<p>&nbsp;<\/p>\n<p>&nbsp;<\/p>\n<p>&nbsp;<\/p>\n","protected":false},"excerpt":{"rendered":"<p>Participaron 25 empresas de distintos ramos. Se ofrecieron 220 empleos para personas con discapacidad.<\/p>\n","protected":false},"author":15,"featured_media":7831,"comment_status":"closed","ping_status":"open","sticky":false,"template":"","format":"standard","meta":[],"categories":[234],"tags":[],"_links":{"self":[{"href":"https:\/\/corregidora.gob.mx\/portal\/wp-json\/wp\/v2\/posts\/7830"}],"collection":[{"href":"https:\/\/corregidora.gob.mx\/portal\/wp-json\/wp\/v2\/posts"}],"about":[{"href":"https:\/\/corregidora.gob.mx\/portal\/wp-json\/wp\/v2\/types\/post"}],"author":[{"embeddable":true,"href":"https:\/\/corregidora.gob.mx\/portal\/wp-json\/wp\/v2\/users\/15"}],"replies":[{"embeddable":true,"href":"https:\/\/corregidora.gob.mx\/portal\/wp-json\/wp\/v2\/comments?post=7830"}],"version-history":[{"count":1,"href":"https:\/\/corregidora.gob.mx\/portal\/wp-json\/wp\/v2\/posts\/7830\/revisions"}],"predecessor-version":[{"id":7833,"href":"https:\/\/corregidora.gob.mx\/portal\/wp-json\/wp\/v2\/posts\/7830\/revisions\/7833"}],"wp:featuredmedia":[{"embeddable":true,"href":"https:\/\/corregidora.gob.mx\/portal\/wp-json\/wp\/v2\/media\/7831"}],"wp:attachment":[{"href":"https:\/\/corregidora.gob.mx\/portal\/wp-json\/wp\/v2\/media?parent=7830"}],"wp:term":[{"taxonomy":"category","embeddable":true,"href":"https:\/\/corregidora.gob.mx\/portal\/wp-json\/wp\/v2\/categories?post=7830"},{"taxonomy":"post_tag","embeddable":true,"href":"https:\/\/corregidora.gob.mx\/portal\/wp-json\/wp\/v2\/tags?post=7830"}],"curies":[{"name":"wp","href":"https:\/\/api.w.org\/{rel}","templated":true}]}}