{"id":7821,"date":"2017-11-21T09:03:11","date_gmt":"2017-11-21T15:03:11","guid":{"rendered":"http:\/\/www.corregidora.gob.mx\/portal\/?p=7821"},"modified":"2017-11-21T09:03:11","modified_gmt":"2017-11-21T15:03:11","slug":"arranca-la-campana-dif-corregidora-te-cobija-2017","status":"publish","type":"post","link":"https:\/\/corregidora.gob.mx\/portal\/arranca-la-campana-dif-corregidora-te-cobija-2017\/","title":{"rendered":"Arranca la campa\u00f1a\u00a0DIF Corregidora te Cobija\u00a02017"},"content":{"rendered":"<ul>\n<li><em>Se beneficiar\u00e1 a cada comunidad y colonia vulnerable del municipio.<\/em><\/li>\n<li><em>Se espera recaudar m\u00e1s de seis mil cobijas.\u00a0<\/em><\/li>\n<\/ul>\n<p><!--more--><\/p>\n<p><img loading=\"lazy\" class=\"wp-image-7823 alignleft\" src=\"http:\/\/www.corregidora.gob.mx\/portal\/wp-content\/uploads\/2017\/11\/DIF-Corregidora-te-Cobija-2017-5-1024x785.jpg\" alt=\"DIF Corregidora te Cobija 2017 (5)\" width=\"256\" height=\"196\" srcset=\"https:\/\/corregidora.gob.mx\/portal\/wp-content\/uploads\/2017\/11\/DIF-Corregidora-te-Cobija-2017-5-1024x785.jpg 1024w, https:\/\/corregidora.gob.mx\/portal\/wp-content\/uploads\/2017\/11\/DIF-Corregidora-te-Cobija-2017-5-300x230.jpg 300w, https:\/\/corregidora.gob.mx\/portal\/wp-content\/uploads\/2017\/11\/DIF-Corregidora-te-Cobija-2017-5-768x589.jpg 768w, https:\/\/corregidora.gob.mx\/portal\/wp-content\/uploads\/2017\/11\/DIF-Corregidora-te-Cobija-2017-5.jpg 1600w\" sizes=\"(max-width: 256px) 100vw, 256px\" \/><\/p>\n<p>&nbsp;<\/p>\n<p style=\"font-weight: 400;\">Car Herrera de Kuri, presidenta del DIF Municipal de Corregidora, encabez\u00f3 el arranque de la campa\u00f1a\u00a0<em>DIF Corregidora te Cobija\u00a0<\/em>2017<em>,\u00a0<\/em>con la que se busca llevar abrigo a las zonas m\u00e1s vulnerables de la demarcaci\u00f3n.<\/p>\n<p style=\"font-weight: 400;\">\u201cQu\u00e9 gusto que nos podamos reunir nuevamente y que el motivo sea seguir ayudando. Gracias por demostrar una vez m\u00e1s que la gente de Corregidora sabe ser solidaria en los momentos m\u00e1s complicados\u201d, expres\u00f3 Car Herrera.<\/p>\n<p style=\"font-weight: 400;\">Se entregar\u00e1n m\u00e1s de seis mil cobijas en cada comunidad y colonia donde se requieran, todas donadas por ciudadanos, escuelas, empresas y funcionarios p\u00fablicos.<\/p>\n<p style=\"font-weight: 400;\">Personal autorizado del \u00e1rea de Desarrollo Comunitario, planear\u00e1 las entregas donde sean solicitadas, con el objetivo de minimizar las enfermedades respiratorias durante la temporada invernal.<\/p>\n<p style=\"font-weight: 400;\">\u201cCada invierno la buena voluntad de la sociedad, empleados municipales, empresas e instituciones educativas se ve reflejada en la consolidaci\u00f3n del objetivo de la campa\u00f1a \u201cDIF Corregidora te Cobija\u201d, gracias por realizar este gran esfuerzo en beneficio de los habitantes de Corregidora. Sin duda alguna, este tipo de acciones son fundamentales para seguir cambiando vidas\u201d.<\/p>\n<p style=\"font-weight: 400;\">Las personas pueden llevar su cobija a las oficinas del DIF Municipal de Corregidora, ubicadas en Fray Eulalio Rivera Hern\u00e1ndez (antes Rivera del R\u00edo) s\/n, col. El Pueblito, de lunes a viernes de 08:30 a 16:00 horas.<\/p>\n<p style=\"font-weight: 400;\">\n","protected":false},"excerpt":{"rendered":"<p>Se beneficiar\u00e1 a cada comunidad y colonia vulnerable del municipio. Se espera recaudar m\u00e1s de seis mil cobijas.\u00a0<\/p>\n","protected":false},"author":15,"featured_media":7822,"comment_status":"closed","ping_status":"open","sticky":false,"template":"","format":"standard","meta":[],"categories":[234],"tags":[],"_links":{"self":[{"href":"https:\/\/corregidora.gob.mx\/portal\/wp-json\/wp\/v2\/posts\/7821"}],"collection":[{"href":"https:\/\/corregidora.gob.mx\/portal\/wp-json\/wp\/v2\/posts"}],"about":[{"href":"https:\/\/corregidora.gob.mx\/portal\/wp-json\/wp\/v2\/types\/post"}],"author":[{"embeddable":true,"href":"https:\/\/corregidora.gob.mx\/portal\/wp-json\/wp\/v2\/users\/15"}],"replies":[{"embeddable":true,"href":"https:\/\/corregidora.gob.mx\/portal\/wp-json\/wp\/v2\/comments?post=7821"}],"version-history":[{"count":1,"href":"https:\/\/corregidora.gob.mx\/portal\/wp-json\/wp\/v2\/posts\/7821\/revisions"}],"predecessor-version":[{"id":7824,"href":"https:\/\/corregidora.gob.mx\/portal\/wp-json\/wp\/v2\/posts\/7821\/revisions\/7824"}],"wp:featuredmedia":[{"embeddable":true,"href":"https:\/\/corregidora.gob.mx\/portal\/wp-json\/wp\/v2\/media\/7822"}],"wp:attachment":[{"href":"https:\/\/corregidora.gob.mx\/portal\/wp-json\/wp\/v2\/media?parent=7821"}],"wp:term":[{"taxonomy":"category","embeddable":true,"href":"https:\/\/corregidora.gob.mx\/portal\/wp-json\/wp\/v2\/categories?post=7821"},{"taxonomy":"post_tag","embeddable":true,"href":"https:\/\/corregidora.gob.mx\/portal\/wp-json\/wp\/v2\/tags?post=7821"}],"curies":[{"name":"wp","href":"https:\/\/api.w.org\/{rel}","templated":true}]}}