{"id":7550,"date":"2017-09-22T13:25:52","date_gmt":"2017-09-22T18:25:52","guid":{"rendered":"http:\/\/www.corregidora.gob.mx\/portal\/?p=7550"},"modified":"2017-09-22T13:25:52","modified_gmt":"2017-09-22T18:25:52","slug":"encabeza-mauricio-kuri-ceremonia-del-grito-de-independencia","status":"publish","type":"post","link":"https:\/\/corregidora.gob.mx\/portal\/encabeza-mauricio-kuri-ceremonia-del-grito-de-independencia\/","title":{"rendered":"Encabeza Mauricio Kuri ceremonia del Grito de Independencia\u00a0"},"content":{"rendered":"<ul>\n<li><em>Asisti\u00f3 a El Pueblito, Charco Blanco y Santa B\u00e1rbara. \u00a0<\/em><\/li>\n<li><em>Siete mil personas se reunieron para las tradicionales Fiestas Patrias en el jard\u00edn principal.<\/em><\/li>\n<\/ul>\n<p><!--more--><\/p>\n<p>Mauricio Kuri Gonz\u00e1lez, presidente municipal de Corregidora, encabez\u00f3 la ceremonia del Grito de Independencia en el jard\u00edn principal de El Pueblito ante siete mil ciudadanos, quienes asistieron en familia para disfrutar las tradicionales Fiestas Patrias entre colorido, m\u00fasica y antojitos mexicanos.<\/p>\n<p>En el lugar, acompa\u00f1aron al alcalde la banda de guerra de la secundaria Jos\u00e9 Clemente Orozco, la Escolta de la Secretar\u00eda de Seguridad P\u00fablica y Tr\u00e1nsito Municipal, su gabinete y regidores, quienes tambi\u00e9n montaron Guardia de Honor en el monumento a Miguel Hidalgo.<\/p>\n<p>Momentos antes, asisti\u00f3 a la comunidad de Charco Blanco y a la colonia Santa B\u00e1rbara, donde tambi\u00e9n dio el grito junto con los presentes en medio de un c\u00e1lido ambiente de celebraci\u00f3n, donde se dej\u00f3 sentir la uni\u00f3n de los ciudadanos para seguir trabajando por ser un mejor pa\u00eds.<\/p>\n<p>Con el repicar de las campanas, colorida pirotecnia y la bandera ondeando, Kuri Gonz\u00e1lez vitore\u00f3 los nombres de los h\u00e9roes que hicieron posible la Independencia de M\u00e9xico para dar paso a la entonaci\u00f3n del Himno\u00a0Nacional. Minutos despu\u00e9s comenz\u00f3 el esperado festejo musical amenizado por la Banda Mach.<\/p>\n<p>&nbsp;<\/p>\n<p><img loading=\"lazy\" class=\"alignnone  wp-image-7552 aligncenter\" src=\"http:\/\/www.corregidora.gob.mx\/portal\/wp-content\/uploads\/2017\/09\/Grito-de-Independencia-1-1024x682.jpg\" alt=\"Grito de Independencia (1)\" width=\"464\" height=\"309\" srcset=\"https:\/\/corregidora.gob.mx\/portal\/wp-content\/uploads\/2017\/09\/Grito-de-Independencia-1-1024x682.jpg 1024w, https:\/\/corregidora.gob.mx\/portal\/wp-content\/uploads\/2017\/09\/Grito-de-Independencia-1-300x200.jpg 300w, https:\/\/corregidora.gob.mx\/portal\/wp-content\/uploads\/2017\/09\/Grito-de-Independencia-1-768x511.jpg 768w, https:\/\/corregidora.gob.mx\/portal\/wp-content\/uploads\/2017\/09\/Grito-de-Independencia-1.jpg 1280w\" sizes=\"(max-width: 464px) 100vw, 464px\" \/>\u00a0 \u00a0<img loading=\"lazy\" class=\"alignnone  wp-image-7553 aligncenter\" src=\"http:\/\/www.corregidora.gob.mx\/portal\/wp-content\/uploads\/2017\/09\/Grito-de-Independencia-2-1024x682.jpg\" alt=\"Grito de Independencia (2)\" width=\"463\" height=\"308\" srcset=\"https:\/\/corregidora.gob.mx\/portal\/wp-content\/uploads\/2017\/09\/Grito-de-Independencia-2-1024x682.jpg 1024w, https:\/\/corregidora.gob.mx\/portal\/wp-content\/uploads\/2017\/09\/Grito-de-Independencia-2-300x200.jpg 300w, https:\/\/corregidora.gob.mx\/portal\/wp-content\/uploads\/2017\/09\/Grito-de-Independencia-2-768x511.jpg 768w, https:\/\/corregidora.gob.mx\/portal\/wp-content\/uploads\/2017\/09\/Grito-de-Independencia-2.jpg 1280w\" sizes=\"(max-width: 463px) 100vw, 463px\" \/><\/p>\n<p>&nbsp;<\/p>\n<p>&nbsp;<\/p>\n","protected":false},"excerpt":{"rendered":"<p>Asisti\u00f3 a El Pueblito, Charco Blanco y Santa B\u00e1rbara. \u00a0 Siete mil personas se reunieron para las tradicionales Fiestas Patrias en el jard\u00edn principal.<\/p>\n","protected":false},"author":15,"featured_media":7554,"comment_status":"closed","ping_status":"open","sticky":false,"template":"","format":"standard","meta":[],"categories":[234],"tags":[],"_links":{"self":[{"href":"https:\/\/corregidora.gob.mx\/portal\/wp-json\/wp\/v2\/posts\/7550"}],"collection":[{"href":"https:\/\/corregidora.gob.mx\/portal\/wp-json\/wp\/v2\/posts"}],"about":[{"href":"https:\/\/corregidora.gob.mx\/portal\/wp-json\/wp\/v2\/types\/post"}],"author":[{"embeddable":true,"href":"https:\/\/corregidora.gob.mx\/portal\/wp-json\/wp\/v2\/users\/15"}],"replies":[{"embeddable":true,"href":"https:\/\/corregidora.gob.mx\/portal\/wp-json\/wp\/v2\/comments?post=7550"}],"version-history":[{"count":1,"href":"https:\/\/corregidora.gob.mx\/portal\/wp-json\/wp\/v2\/posts\/7550\/revisions"}],"predecessor-version":[{"id":7555,"href":"https:\/\/corregidora.gob.mx\/portal\/wp-json\/wp\/v2\/posts\/7550\/revisions\/7555"}],"wp:featuredmedia":[{"embeddable":true,"href":"https:\/\/corregidora.gob.mx\/portal\/wp-json\/wp\/v2\/media\/7554"}],"wp:attachment":[{"href":"https:\/\/corregidora.gob.mx\/portal\/wp-json\/wp\/v2\/media?parent=7550"}],"wp:term":[{"taxonomy":"category","embeddable":true,"href":"https:\/\/corregidora.gob.mx\/portal\/wp-json\/wp\/v2\/categories?post=7550"},{"taxonomy":"post_tag","embeddable":true,"href":"https:\/\/corregidora.gob.mx\/portal\/wp-json\/wp\/v2\/tags?post=7550"}],"curies":[{"name":"wp","href":"https:\/\/api.w.org\/{rel}","templated":true}]}}