{"id":7544,"date":"2017-09-22T13:19:19","date_gmt":"2017-09-22T18:19:19","guid":{"rendered":"http:\/\/www.corregidora.gob.mx\/portal\/?p=7544"},"modified":"2017-09-22T13:19:19","modified_gmt":"2017-09-22T18:19:19","slug":"presenta-el-dif-municipal-de-corregidora-en-tus-zapatos","status":"publish","type":"post","link":"https:\/\/corregidora.gob.mx\/portal\/presenta-el-dif-municipal-de-corregidora-en-tus-zapatos\/","title":{"rendered":"Presenta el DIF Municipal de Corregidora\u00a0&#8220;En tus Zapatos&#8221;"},"content":{"rendered":"<ul>\n<li><em>El programa est\u00e1 enfocado en brindar informaci\u00f3n sobre la discapacidad a peque\u00f1os de preescolar. \u00a0<\/em><\/li>\n<li><em>El objetivo es sensibilizar y fomentar la inclusi\u00f3n.<\/em><\/li>\n<\/ul>\n<p><!--more-->Car Herrera de Kuri, presidenta del DIF Municipal de Corregidora, encabez\u00f3 la presentaci\u00f3n del programa\u00a0<em>En tus Zapatos<\/em>, proyecto dirigido a peque\u00f1os de 3er grado de preescolar.<\/p>\n<p>\u201cEn tus zapatos, es una frase ideal para entender a nuestros ni\u00f1os con discapacidad. Es de suma importancia inculcar desde la infancia valores para que se conviva sin hacer distinciones\u201d, expres\u00f3 la presidenta del DIF Municipal.<\/p>\n<p>El objetivo es sensibilizar y fomentar entre las ni\u00f1as y los ni\u00f1os la inclusi\u00f3n, as\u00ed como promover una convivencia armoniosa y respetuosa con quienes viven con alguna discapacidad o presentan necesidades educativas especiales.<\/p>\n<p>Con ello, se busca hacer valer y respetar los derechos humanos de todos los estudiantes de la demarcaci\u00f3n, dando un paso m\u00e1s en la consolidaci\u00f3n de Corregidora como un municipio incluyente.<\/p>\n<p>Luego de participar en un taller impartido por expertos y profesionales en la materia, los ni\u00f1os reforzar\u00e1n los conocimientos adquiridos durante \u00e9ste, a trav\u00e9s de un cuadernillo con un cuento y distintos ejercicios did\u00e1cticos.<\/p>\n<p>\u201cCon la presentaci\u00f3n de este proyecto, hoy queremos hacer un compromiso con las autoridades escolares, municipales y padres de familia para que en Corregidora, ninguno de nuestros ni\u00f1os sea v\u00edctima de abuso alguno por su condici\u00f3n f\u00edsica o de g\u00e9nero. En el municipio nuestros ni\u00f1os y ni\u00f1as ser\u00e1n orientados para lograr una ni\u00f1ez feliz; ellos ser\u00e1n el gran motor para continuar cambiando vidas\u201d.<\/p>\n<p>&nbsp;<\/p>\n<p><img loading=\"lazy\" class=\"alignnone  wp-image-7545 aligncenter\" src=\"http:\/\/www.corregidora.gob.mx\/portal\/wp-content\/uploads\/2017\/09\/En-tus-Zapatos-2-1024x457.jpg\" alt=\"En tus Zapatos (2)\" width=\"510\" height=\"228\" srcset=\"https:\/\/corregidora.gob.mx\/portal\/wp-content\/uploads\/2017\/09\/En-tus-Zapatos-2-1024x457.jpg 1024w, https:\/\/corregidora.gob.mx\/portal\/wp-content\/uploads\/2017\/09\/En-tus-Zapatos-2-300x134.jpg 300w, https:\/\/corregidora.gob.mx\/portal\/wp-content\/uploads\/2017\/09\/En-tus-Zapatos-2-768x343.jpg 768w, https:\/\/corregidora.gob.mx\/portal\/wp-content\/uploads\/2017\/09\/En-tus-Zapatos-2.jpg 1600w\" sizes=\"(max-width: 510px) 100vw, 510px\" \/><\/p>\n<p>&nbsp;<\/p>\n<p><img loading=\"lazy\" class=\"alignnone  wp-image-7546 aligncenter\" src=\"http:\/\/www.corregidora.gob.mx\/portal\/wp-content\/uploads\/2017\/09\/En-tus-Zapatos-4-1024x684.jpg\" alt=\"En tus Zapatos (4)\" width=\"502\" height=\"335\" srcset=\"https:\/\/corregidora.gob.mx\/portal\/wp-content\/uploads\/2017\/09\/En-tus-Zapatos-4-1024x684.jpg 1024w, https:\/\/corregidora.gob.mx\/portal\/wp-content\/uploads\/2017\/09\/En-tus-Zapatos-4-300x200.jpg 300w, https:\/\/corregidora.gob.mx\/portal\/wp-content\/uploads\/2017\/09\/En-tus-Zapatos-4-768x513.jpg 768w, https:\/\/corregidora.gob.mx\/portal\/wp-content\/uploads\/2017\/09\/En-tus-Zapatos-4.jpg 1600w\" sizes=\"(max-width: 502px) 100vw, 502px\" \/><\/p>\n","protected":false},"excerpt":{"rendered":"<p>El programa est\u00e1 enfocado en brindar informaci\u00f3n sobre la discapacidad a peque\u00f1os de preescolar. \u00a0 El objetivo es sensibilizar y fomentar la inclusi\u00f3n.<\/p>\n","protected":false},"author":15,"featured_media":7547,"comment_status":"closed","ping_status":"open","sticky":false,"template":"","format":"standard","meta":[],"categories":[234],"tags":[],"_links":{"self":[{"href":"https:\/\/corregidora.gob.mx\/portal\/wp-json\/wp\/v2\/posts\/7544"}],"collection":[{"href":"https:\/\/corregidora.gob.mx\/portal\/wp-json\/wp\/v2\/posts"}],"about":[{"href":"https:\/\/corregidora.gob.mx\/portal\/wp-json\/wp\/v2\/types\/post"}],"author":[{"embeddable":true,"href":"https:\/\/corregidora.gob.mx\/portal\/wp-json\/wp\/v2\/users\/15"}],"replies":[{"embeddable":true,"href":"https:\/\/corregidora.gob.mx\/portal\/wp-json\/wp\/v2\/comments?post=7544"}],"version-history":[{"count":1,"href":"https:\/\/corregidora.gob.mx\/portal\/wp-json\/wp\/v2\/posts\/7544\/revisions"}],"predecessor-version":[{"id":7548,"href":"https:\/\/corregidora.gob.mx\/portal\/wp-json\/wp\/v2\/posts\/7544\/revisions\/7548"}],"wp:featuredmedia":[{"embeddable":true,"href":"https:\/\/corregidora.gob.mx\/portal\/wp-json\/wp\/v2\/media\/7547"}],"wp:attachment":[{"href":"https:\/\/corregidora.gob.mx\/portal\/wp-json\/wp\/v2\/media?parent=7544"}],"wp:term":[{"taxonomy":"category","embeddable":true,"href":"https:\/\/corregidora.gob.mx\/portal\/wp-json\/wp\/v2\/categories?post=7544"},{"taxonomy":"post_tag","embeddable":true,"href":"https:\/\/corregidora.gob.mx\/portal\/wp-json\/wp\/v2\/tags?post=7544"}],"curies":[{"name":"wp","href":"https:\/\/api.w.org\/{rel}","templated":true}]}}