{"id":6745,"date":"2017-05-30T12:49:57","date_gmt":"2017-05-30T17:49:57","guid":{"rendered":"http:\/\/www.corregidora.gob.mx\/portal\/?p=6745"},"modified":"2017-05-30T12:49:57","modified_gmt":"2017-05-30T17:49:57","slug":"corregidora-unico-municipio-del-estado-con-calificacion-estable","status":"publish","type":"post","link":"https:\/\/corregidora.gob.mx\/portal\/corregidora-unico-municipio-del-estado-con-calificacion-estable\/","title":{"rendered":"Corregidora \u00fanico municipio del estado con calificaci\u00f3n estable\u00a0"},"content":{"rendered":"<ul>\n<li><em>As\u00ed lo dio a conocer la agencia Moody\u00b4s, durante\u00a0 rueda de prensa.<\/em><\/li>\n<li><em>Bajo nivel de deuda y balances operativos positivos, fortalezas intr\u00ednsecas de la demarcaci\u00f3n.<\/em><\/li>\n<\/ul>\n<p style=\"text-align: left;\"><!--more-->Mauricio Kuri Gonz\u00e1lez, presidente municipal de Corregidora, recibi\u00f3 los resultados de la calificaci\u00f3n a la demarcaci\u00f3n, a cargo de la agencia Moody\u00b4s de M\u00e9xico.<\/p>\n<p>\u201cEn Corregidora, cerca del 70 por ciento de sus ingresos son propios, una fortaleza que tenemos que seguir manteniendo. Aqu\u00ed cuidamos las finanzas, pues son de los ciudadanos, es una garant\u00eda de que estamos haciendo bien las cosas en un momento de incertidumbre nacional\u201d, se\u00f1al\u00f3 Kuri Gonz\u00e1lez.<\/p>\n<p>Derivado de un margen de deuda muy bajo, el mantenimiento de balances operativos positivos, mismos que han generado un nivel fuerte de liquidez,\u00a0 lograron que al municipio le fuera adjudicada una calificaci\u00f3n estable, convirti\u00e9ndose en el \u00fanico del estado en contar con dicha distinci\u00f3n.<\/p>\n<p>\u201cEs importante mencionar que Corregidora es uno de los municipios a los que tenemos asignada una de las calificaciones m\u00e1s altas en M\u00e9xico\u201d, indic\u00f3 Roxana Mu\u00f1oz, analista vicepresidenta asociada de Moody\u2019s M\u00e9xico.<\/p>\n<p>Destac\u00f3 que las tendencias de crecimiento de ingresos propios y el fortalecimiento del nivel de la liquidez se sostuvieron, lo que le permiti\u00f3 a la calificadora deliberar que, aun cuando exista \u00a0un entorno negativo, Corregidora podr\u00eda ser inmune a dicha presi\u00f3n, pues cuenta con suficientes retribuciones propias.<\/p>\n<p>De acuerdo a personal de Moody\u00b4s, la tendencia nacional de los municipios es bajar su calificaci\u00f3n a negativa o mantenerse en la antes otorgada, sin embargo, Corregidora es de las pocas jurisdicciones del pa\u00eds que subi\u00f3 su calificaci\u00f3n.<\/p>\n<p>Acompa\u00f1\u00f3 tambi\u00e9n al alcalde durante el evento, Gustavo Leal Maya, secretario de Tesorer\u00eda y Finanzas.<\/p>\n<p>&nbsp;<\/p>\n","protected":false},"excerpt":{"rendered":"<p>As\u00ed lo dio a conocer la agencia Moody\u00b4s, durante\u00a0 rueda de prensa. Bajo nivel de deuda y balances operativos positivos, fortalezas intr\u00ednsecas de la demarcaci\u00f3n.<\/p>\n","protected":false},"author":15,"featured_media":6746,"comment_status":"closed","ping_status":"open","sticky":false,"template":"","format":"standard","meta":[],"categories":[234],"tags":[],"_links":{"self":[{"href":"https:\/\/corregidora.gob.mx\/portal\/wp-json\/wp\/v2\/posts\/6745"}],"collection":[{"href":"https:\/\/corregidora.gob.mx\/portal\/wp-json\/wp\/v2\/posts"}],"about":[{"href":"https:\/\/corregidora.gob.mx\/portal\/wp-json\/wp\/v2\/types\/post"}],"author":[{"embeddable":true,"href":"https:\/\/corregidora.gob.mx\/portal\/wp-json\/wp\/v2\/users\/15"}],"replies":[{"embeddable":true,"href":"https:\/\/corregidora.gob.mx\/portal\/wp-json\/wp\/v2\/comments?post=6745"}],"version-history":[{"count":1,"href":"https:\/\/corregidora.gob.mx\/portal\/wp-json\/wp\/v2\/posts\/6745\/revisions"}],"predecessor-version":[{"id":6747,"href":"https:\/\/corregidora.gob.mx\/portal\/wp-json\/wp\/v2\/posts\/6745\/revisions\/6747"}],"wp:featuredmedia":[{"embeddable":true,"href":"https:\/\/corregidora.gob.mx\/portal\/wp-json\/wp\/v2\/media\/6746"}],"wp:attachment":[{"href":"https:\/\/corregidora.gob.mx\/portal\/wp-json\/wp\/v2\/media?parent=6745"}],"wp:term":[{"taxonomy":"category","embeddable":true,"href":"https:\/\/corregidora.gob.mx\/portal\/wp-json\/wp\/v2\/categories?post=6745"},{"taxonomy":"post_tag","embeddable":true,"href":"https:\/\/corregidora.gob.mx\/portal\/wp-json\/wp\/v2\/tags?post=6745"}],"curies":[{"name":"wp","href":"https:\/\/api.w.org\/{rel}","templated":true}]}}