{"id":6616,"date":"2017-05-08T12:52:38","date_gmt":"2017-05-08T17:52:38","guid":{"rendered":"http:\/\/www.corregidora.gob.mx\/portal\/?p=6616"},"modified":"2017-05-08T12:52:38","modified_gmt":"2017-05-08T17:52:38","slug":"encabeza-mauricio-kuri-desayuno-conmemorativo-por-el-dia-del-trabajo","status":"publish","type":"post","link":"https:\/\/corregidora.gob.mx\/portal\/encabeza-mauricio-kuri-desayuno-conmemorativo-por-el-dia-del-trabajo\/","title":{"rendered":"Encabeza Mauricio Kuri desayuno conmemorativo por el D\u00eda del Trabajo"},"content":{"rendered":"<ul>\n<li><i>Al encuentro asistieron representantes de sindicatos de empresas y agrupaciones de Corregidora.<\/i><\/li>\n<li><i>Se brind\u00f3 un espacio para escuchar las peticiones de los trabajadores en voz de sus l\u00edderes.<\/i><\/li>\n<\/ul>\n<p style=\"text-align: left;\"><!--more--><\/p>\n<p style=\"text-align: left;\">\n<p style=\"text-align: left;\">En las instalaciones del Centro de Atenci\u00f3n Municipal (CAM), Mauricio Kuri Gonz\u00e1lez, presidente municipal de Corregidora, encabez\u00f3 el desayuno conmemorativo por el D\u00eda del Trabajo.<\/p>\n<p class=\"m_-8698514665747993034gmail-m6980214277967739160p2\"><span class=\"m_-8698514665747993034gmail-m6980214277967739160s2\">Al evento asistieron alrededor de 90 representantes de empresas y agrupaciones establecidas en la demarcaci\u00f3n, incluyendo el Sindicato \u00danico de Trabajadores al Servicio del Municipio de Corregidora, quienes tuvieron oportunidad de convivir con las autoridades y exponer sus demandas para lograr mejores condiciones laborales, pero tambi\u00e9n para agradecer el apoyo que la actual administraci\u00f3n les ha brindado a trav\u00e9s de sus distintas \u00e1reas.<\/span><span class=\"m_-8698514665747993034gmail-m6980214277967739160apple-converted-space\">\u00a0<\/span><\/p>\n<p class=\"m_-8698514665747993034gmail-m6980214277967739160p2\"><span class=\"m_-8698514665747993034gmail-m6980214277967739160apple-converted-space\">\u201cLo que tenemos que hacer como gobierno para que los trabajadores ganen m\u00e1s, es atraer m\u00e1s inversi\u00f3n, no hay otra forma, y por supuesto la capacitaci\u00f3n. Me gusta un buen ambiente laboral, donde la gente est\u00e9 c\u00f3moda y se sienta satisfecha, por eso, aqu\u00ed en Corregidora vamos a buscar una certificaci\u00f3n a nivel mundial que nos acredite como un buen lugar para trabajar\u201d, precis\u00f3 Kuri Gonz\u00e1lez.<\/span><\/p>\n<p class=\"m_-8698514665747993034gmail-m6980214277967739160p2\"><span class=\"m_-8698514665747993034gmail-m6980214277967739160apple-converted-space\">Pidi\u00f3 a los asistentes seguir confiando y apost\u00e1ndole al municipio, pues, dijo, lo que su gobierno busca en todo momento es que los empresarios y trabajadores se sientan seguros y que sus familias vivan en un lugar donde se respire tranquilidad, que es por lo que se trabaja d\u00eda a d\u00eda.<\/span><\/p>\n<p class=\"m_-8698514665747993034gmail-m6980214277967739160p2\"><span class=\"m_-8698514665747993034gmail-m6980214277967739160apple-converted-space\">Record\u00f3 que en lo que va de la administraci\u00f3n se han logrado generar seis mil 8<\/span>00 empleos y se busca crear a\u00fan m\u00e1s.<\/p>\n<p class=\"m_-8698514665747993034gmail-m6980214277967739160p2\">\u201cFalta mucho por hacer, no podemos lanzar las campanas al aire, pero les puedo asegurar que vamos por el camino correcto y Corregidora seguir\u00e1 por la v\u00eda del respeto a la ley, apoyo a los inversionistas y por supuesto, la tranquilidad para los trabajadores y las trabajadoras que viven en el municipio\u201d, concluy\u00f3.<\/p>\n<p class=\"m_-8698514665747993034gmail-m6980214277967739160p2\"><span class=\"m_-8698514665747993034gmail-m6980214277967739160s2\">Acompa\u00f1aron al alcalde durante el desayuno:<\/span><span class=\"m_-8698514665747993034gmail-m6980214277967739160apple-converted-space\">\u00a0<\/span><span class=\"m_-8698514665747993034gmail-apple-converted-space\">\u00a0<\/span><span class=\"m_-8698514665747993034gmail-m6980214277967739160s2\">Mary Garc\u00eda, diputada federal por el II Distrito;<\/span><span class=\"m_-8698514665747993034gmail-m6980214277967739160apple-converted-space\">\u00a0<\/span><span class=\"m_-8698514665747993034gmail-apple-converted-space\">\u00a0<\/span><span class=\"m_-8698514665747993034gmail-m6980214277967739160s2\">Jes\u00fas Llamas Contreras, diputado presidente de la Comisi\u00f3n de Trabajo y Previsi\u00f3n Social de la LVIII Legislatura del estado; Rogelio Vega<\/span><span class=\"m_-8698514665747993034gmail-m6980214277967739160apple-converted-space\">\u00a0<\/span><span class=\"m_-8698514665747993034gmail-apple-converted-space\">\u00a0<\/span><span class=\"m_-8698514665747993034gmail-m6980214277967739160s2\">V\u00e1zquez Mellado, jefe de Gabinete; Jorge Aldana Tapia, secretario general de la CTM en Corregidora; Isidro Z\u00fa\u00f1iga Lara, secretario de Organizaci\u00f3n de la Federaci\u00f3n Regional Corregidora y Huimilpan CTM; Hilda Roc\u00edo Ju\u00e1rez Garc\u00eda, secretaria general del Sindicato \u00danico de Trabajadores al Servicio del Municipio de Corregidora; Francisco Castro Alegr\u00eda, secretario de Administraci\u00f3n; Jes\u00fas Roberto Franco Gonz\u00e1lez, presidente de la<\/span><span class=\"m_-8698514665747993034gmail-apple-converted-space\">\u00a0<\/span><span class=\"m_-8698514665747993034gmail-m6980214277967739160s1\">Junta de Conciliaci\u00f3n y Arbitraje<\/span><span class=\"m_-8698514665747993034gmail-apple-converted-space\">\u00a0<\/span><span class=\"m_-8698514665747993034gmail-m6980214277967739160s2\">del estado;<\/span><span class=\"m_-8698514665747993034gmail-m6980214277967739160apple-converted-space\">\u00a0<\/span><span class=\"m_-8698514665747993034gmail-apple-converted-space\">\u00a0<\/span><span class=\"m_-8698514665747993034gmail-m6980214277967739160s2\">Sara Gabriela Guti\u00e9rrez Gonz\u00e1lez, auxiliar de Amparo de la Junta Especial, en representaci\u00f3n de Arnulfo Mendoza Gonz\u00e1lez, presidente de la Junta Especial de Conciliaci\u00f3n, y Emilio D\u00edaz Flores, jefe de Servicios Administrativos del IMSS, en representaci\u00f3n de Manuel Ru\u00edz L\u00f3pez, delegado del Instituto Mexicano del Seguro Social (IMSS).<\/span><\/p>\n","protected":false},"excerpt":{"rendered":"<p>Al encuentro asistieron representantes de sindicatos de empresas y agrupaciones de Corregidora. Se brind\u00f3 un espacio para escuchar las peticiones de los trabajadores en voz de sus l\u00edderes.<\/p>\n","protected":false},"author":15,"featured_media":6617,"comment_status":"closed","ping_status":"open","sticky":false,"template":"","format":"standard","meta":[],"categories":[234],"tags":[],"_links":{"self":[{"href":"https:\/\/corregidora.gob.mx\/portal\/wp-json\/wp\/v2\/posts\/6616"}],"collection":[{"href":"https:\/\/corregidora.gob.mx\/portal\/wp-json\/wp\/v2\/posts"}],"about":[{"href":"https:\/\/corregidora.gob.mx\/portal\/wp-json\/wp\/v2\/types\/post"}],"author":[{"embeddable":true,"href":"https:\/\/corregidora.gob.mx\/portal\/wp-json\/wp\/v2\/users\/15"}],"replies":[{"embeddable":true,"href":"https:\/\/corregidora.gob.mx\/portal\/wp-json\/wp\/v2\/comments?post=6616"}],"version-history":[{"count":1,"href":"https:\/\/corregidora.gob.mx\/portal\/wp-json\/wp\/v2\/posts\/6616\/revisions"}],"predecessor-version":[{"id":6618,"href":"https:\/\/corregidora.gob.mx\/portal\/wp-json\/wp\/v2\/posts\/6616\/revisions\/6618"}],"wp:featuredmedia":[{"embeddable":true,"href":"https:\/\/corregidora.gob.mx\/portal\/wp-json\/wp\/v2\/media\/6617"}],"wp:attachment":[{"href":"https:\/\/corregidora.gob.mx\/portal\/wp-json\/wp\/v2\/media?parent=6616"}],"wp:term":[{"taxonomy":"category","embeddable":true,"href":"https:\/\/corregidora.gob.mx\/portal\/wp-json\/wp\/v2\/categories?post=6616"},{"taxonomy":"post_tag","embeddable":true,"href":"https:\/\/corregidora.gob.mx\/portal\/wp-json\/wp\/v2\/tags?post=6616"}],"curies":[{"name":"wp","href":"https:\/\/api.w.org\/{rel}","templated":true}]}}