{"id":6605,"date":"2017-05-08T12:32:29","date_gmt":"2017-05-08T17:32:29","guid":{"rendered":"http:\/\/www.corregidora.gob.mx\/portal\/?p=6605"},"modified":"2017-05-08T12:32:29","modified_gmt":"2017-05-08T17:32:29","slug":"ninas-y-ninos-en-el-gobierno-visitan-el-cam","status":"publish","type":"post","link":"https:\/\/corregidora.gob.mx\/portal\/ninas-y-ninos-en-el-gobierno-visitan-el-cam\/","title":{"rendered":"Ni\u00f1as y Ni\u00f1os en el Gobierno visitan el CAM"},"content":{"rendered":"<ul>\n<li><em>Los peque\u00f1os tuvieron oportunidad de conocer la labor que desempe\u00f1an los funcionarios p\u00fablicos.<\/em><\/li>\n<li><em>Participaron en sesi\u00f3n de cabildo y recorrieron las oficinas municipales. \u00a0 \u00a0<\/em><\/li>\n<\/ul>\n<p style=\"text-align: left;\"><!--more--><\/p>\n<p style=\"text-align: left;\">\n<p style=\"text-align: left;\">Mauricio Kuri Gonz\u00e1lez, presidente municipal de Corregidora, dio la bienvenida al Centro de Atenci\u00f3n Municipal (CAM) a cerca de 70 estudiantes de 6<sup>to<\/sup>\u00a0de primaria, como parte del proyecto \u201cNi\u00f1as\u00a0y\u00a0Ni\u00f1os\u00a0en el\u00a0Gobierno\u201d.<\/p>\n<p>\u201cEsto es un ejercicio para que se den cuenta de lo que hacemos todos los d\u00edas y el trabajo que realizamos por el municipio y los ciudadanos, pues uno de nuestros principales objetivos es dejar un mejor Corregidora al terminar la administraci\u00f3n\u201d, expres\u00f3 Kuri Gonz\u00e1lez.<\/p>\n<p>Como se realiza cada a\u00f1o, en al marco del festejo por el D\u00eda del Ni\u00f1o, los peque\u00f1os visitaron las oficinas municipales para conocer la labor de los funcionarios p\u00fablicos y cada una de las \u00e1reas que integran la administraci\u00f3n.<\/p>\n<p>Tuvieron oportunidad de participar en una sesi\u00f3n de cabildo y en algunas de las actividades que desempe\u00f1an secretarios, directores, regidores y el alcalde.<\/p>\n<p>Adem\u00e1s, recorrieron las instalaciones de la Secretar\u00eda de Seguridad P\u00fablica y Tr\u00e1nsito Municipal (SSPyTM) y fueron testigos de la labor que se realiza d\u00eda con d\u00eda en el C4 (Centro de Control, Comando, C\u00f3mputo y Comunicaciones).<\/p>\n<p>Acompa\u00f1aron al alcalde en la l\u00ednea de honor: \u00c1ngel Moreno Alc\u00e1ntara, ni\u00f1o presidente municipal; Car Herrera de Kuri, presidenta del Patronato del Sistema Municipal DIF de Corregidora; Natalia Garc\u00eda Malag\u00f3n, ni\u00f1a presidenta del DIF Municipal de Corregidora; Rogelio Vega V\u00e1zquez Mellado, jefe de Gabinete;\u00a0Montserrat Mujica Jonjitud, ni\u00f1a jefa de gabinete; Roberto Sosa Pichardo, secretario de Desarrollo Social y Mar\u00eda Guadalupe Ramos Aguilar, ni\u00f1a secretaria de Desarrollo Social.<\/p>\n<p><img loading=\"lazy\" class=\"alignnone  wp-image-6606 aligncenter\" src=\"http:\/\/www.corregidora.gob.mx\/portal\/wp-content\/uploads\/2017\/05\/Ni\u00f1as-y-Ni\u00f1os-en-el-Gobierno-2-1024x683.jpg\" alt=\"Ni\u00f1as y Ni\u00f1os en el Gobierno (2)\" width=\"398\" height=\"265\" srcset=\"https:\/\/corregidora.gob.mx\/portal\/wp-content\/uploads\/2017\/05\/Ni\u00f1as-y-Ni\u00f1os-en-el-Gobierno-2-1024x683.jpg 1024w, https:\/\/corregidora.gob.mx\/portal\/wp-content\/uploads\/2017\/05\/Ni\u00f1as-y-Ni\u00f1os-en-el-Gobierno-2-300x200.jpg 300w, https:\/\/corregidora.gob.mx\/portal\/wp-content\/uploads\/2017\/05\/Ni\u00f1as-y-Ni\u00f1os-en-el-Gobierno-2-768x512.jpg 768w, https:\/\/corregidora.gob.mx\/portal\/wp-content\/uploads\/2017\/05\/Ni\u00f1as-y-Ni\u00f1os-en-el-Gobierno-2.jpg 1500w\" sizes=\"(max-width: 398px) 100vw, 398px\" \/><\/p>\n<p><img loading=\"lazy\" class=\"alignnone  wp-image-6607 aligncenter\" src=\"http:\/\/www.corregidora.gob.mx\/portal\/wp-content\/uploads\/2017\/05\/Ni\u00f1as-y-Ni\u00f1os-en-el-Gobierno-4-1024x683.jpg\" alt=\"Ni\u00f1as y Ni\u00f1os en el Gobierno (4)\" width=\"398\" height=\"265\" srcset=\"https:\/\/corregidora.gob.mx\/portal\/wp-content\/uploads\/2017\/05\/Ni\u00f1as-y-Ni\u00f1os-en-el-Gobierno-4-1024x683.jpg 1024w, https:\/\/corregidora.gob.mx\/portal\/wp-content\/uploads\/2017\/05\/Ni\u00f1as-y-Ni\u00f1os-en-el-Gobierno-4-300x200.jpg 300w, https:\/\/corregidora.gob.mx\/portal\/wp-content\/uploads\/2017\/05\/Ni\u00f1as-y-Ni\u00f1os-en-el-Gobierno-4-768x512.jpg 768w, https:\/\/corregidora.gob.mx\/portal\/wp-content\/uploads\/2017\/05\/Ni\u00f1as-y-Ni\u00f1os-en-el-Gobierno-4.jpg 1500w\" sizes=\"(max-width: 398px) 100vw, 398px\" \/><\/p>\n<p><img loading=\"lazy\" class=\"alignnone  wp-image-6608 aligncenter\" src=\"http:\/\/www.corregidora.gob.mx\/portal\/wp-content\/uploads\/2017\/05\/Ni\u00f1as-y-Ni\u00f1os-en-el-Gobierno-6-1024x683.jpg\" alt=\"Ni\u00f1as y Ni\u00f1os en el Gobierno (6)\" width=\"398\" height=\"265\" srcset=\"https:\/\/corregidora.gob.mx\/portal\/wp-content\/uploads\/2017\/05\/Ni\u00f1as-y-Ni\u00f1os-en-el-Gobierno-6-1024x683.jpg 1024w, https:\/\/corregidora.gob.mx\/portal\/wp-content\/uploads\/2017\/05\/Ni\u00f1as-y-Ni\u00f1os-en-el-Gobierno-6-300x200.jpg 300w, https:\/\/corregidora.gob.mx\/portal\/wp-content\/uploads\/2017\/05\/Ni\u00f1as-y-Ni\u00f1os-en-el-Gobierno-6-768x512.jpg 768w, https:\/\/corregidora.gob.mx\/portal\/wp-content\/uploads\/2017\/05\/Ni\u00f1as-y-Ni\u00f1os-en-el-Gobierno-6.jpg 1500w\" sizes=\"(max-width: 398px) 100vw, 398px\" \/><\/p>\n<p>&nbsp;<\/p>\n<p>&nbsp;<\/p>\n","protected":false},"excerpt":{"rendered":"<p>Los peque\u00f1os tuvieron oportunidad de conocer la labor que desempe\u00f1an los funcionarios p\u00fablicos. Participaron en sesi\u00f3n de cabildo y recorrieron las oficinas municipales. \u00a0 \u00a0<\/p>\n","protected":false},"author":15,"featured_media":6609,"comment_status":"closed","ping_status":"open","sticky":false,"template":"","format":"standard","meta":[],"categories":[234],"tags":[],"_links":{"self":[{"href":"https:\/\/corregidora.gob.mx\/portal\/wp-json\/wp\/v2\/posts\/6605"}],"collection":[{"href":"https:\/\/corregidora.gob.mx\/portal\/wp-json\/wp\/v2\/posts"}],"about":[{"href":"https:\/\/corregidora.gob.mx\/portal\/wp-json\/wp\/v2\/types\/post"}],"author":[{"embeddable":true,"href":"https:\/\/corregidora.gob.mx\/portal\/wp-json\/wp\/v2\/users\/15"}],"replies":[{"embeddable":true,"href":"https:\/\/corregidora.gob.mx\/portal\/wp-json\/wp\/v2\/comments?post=6605"}],"version-history":[{"count":1,"href":"https:\/\/corregidora.gob.mx\/portal\/wp-json\/wp\/v2\/posts\/6605\/revisions"}],"predecessor-version":[{"id":6610,"href":"https:\/\/corregidora.gob.mx\/portal\/wp-json\/wp\/v2\/posts\/6605\/revisions\/6610"}],"wp:featuredmedia":[{"embeddable":true,"href":"https:\/\/corregidora.gob.mx\/portal\/wp-json\/wp\/v2\/media\/6609"}],"wp:attachment":[{"href":"https:\/\/corregidora.gob.mx\/portal\/wp-json\/wp\/v2\/media?parent=6605"}],"wp:term":[{"taxonomy":"category","embeddable":true,"href":"https:\/\/corregidora.gob.mx\/portal\/wp-json\/wp\/v2\/categories?post=6605"},{"taxonomy":"post_tag","embeddable":true,"href":"https:\/\/corregidora.gob.mx\/portal\/wp-json\/wp\/v2\/tags?post=6605"}],"curies":[{"name":"wp","href":"https:\/\/api.w.org\/{rel}","templated":true}]}}