{"id":6451,"date":"2017-04-03T10:17:41","date_gmt":"2017-04-03T15:17:41","guid":{"rendered":"http:\/\/www.corregidora.gob.mx\/portal\/?p=6451"},"modified":"2017-04-03T10:17:41","modified_gmt":"2017-04-03T15:17:41","slug":"se-realiza-la-primera-sesion-ordinaria-del-sipinna-corregidora","status":"publish","type":"post","link":"https:\/\/corregidora.gob.mx\/portal\/se-realiza-la-primera-sesion-ordinaria-del-sipinna-corregidora\/","title":{"rendered":"Se realiza la primera sesi\u00f3n ordinaria del SIPINNA Corregidora\u00a0"},"content":{"rendered":"<ul>\n<li><em>Se comenzar\u00e1 a trabajar para atender las principales problem\u00e1ticas entre los j\u00f3venes del municipio.\u00a0<\/em><\/li>\n<li><em>Se colaborar\u00e1 con la UAQ para la investigaci\u00f3n de los conflictos sociales.<\/em><\/li>\n<\/ul>\n<p><!--more--><\/p>\n<p>Encabezada por Mauricio Kuri Gonz\u00e1lez, tuvo lugar la primera sesi\u00f3n ordinaria del Sistema de Protecci\u00f3n Integral de Ni\u00f1as, Ni\u00f1os y Adolescentes Municipal (SIPINNA).<\/p>\n<p>A trav\u00e9s de esta, se dar\u00e1n a conocer los principales conflictos sociales que se presentan en la demarcaci\u00f3n, entre la poblaci\u00f3n antes mencionada, para ser analizados y ejecutar las acciones preventivas necesarias.<\/p>\n<p>Algunos de los problemas que se atender\u00e1n son el bullying, trabajo infantil, embarazo a temprana edad, alcoholismo, drogadicci\u00f3n y otras situaciones que atenten contra la integridad de las ni\u00f1as, ni\u00f1os y adolescentes de Corregidora.<\/p>\n<p>Ah\u00ed mismo, se firm\u00f3 un convenio de colaboraci\u00f3n con la Universidad Aut\u00f3noma de Quer\u00e9taro (AUQ), pues ser\u00e1 esta instituci\u00f3n la encargada de colaborar con el \u00f3rgano colegiado municipal, para las investigaciones de los conflictos sociales.<\/p>\n<p>Con estas acciones, la administraci\u00f3n trabaja para proteger, restaurar y restituir los derechos \u00a0de las ni\u00f1as, ni\u00f1os y adolescentes de Corregidora a trav\u00e9s de los programas y estrategias adecuados, que deriven en pol\u00edticas p\u00fablicas que resguarden a uno de los sectores m\u00e1s vulnerables del municipio.<\/p>\n<p><img loading=\"lazy\" class=\"alignnone  wp-image-6453 aligncenter\" src=\"http:\/\/www.corregidora.gob.mx\/portal\/wp-content\/uploads\/2017\/04\/Sesi\u00f3n-SIPINNA-5-1024x683.jpg\" alt=\"Sesi\u00f3n SIPINNA (5)\" width=\"483\" height=\"322\" srcset=\"https:\/\/corregidora.gob.mx\/portal\/wp-content\/uploads\/2017\/04\/Sesi\u00f3n-SIPINNA-5-1024x683.jpg 1024w, https:\/\/corregidora.gob.mx\/portal\/wp-content\/uploads\/2017\/04\/Sesi\u00f3n-SIPINNA-5-300x200.jpg 300w, https:\/\/corregidora.gob.mx\/portal\/wp-content\/uploads\/2017\/04\/Sesi\u00f3n-SIPINNA-5-768x512.jpg 768w, https:\/\/corregidora.gob.mx\/portal\/wp-content\/uploads\/2017\/04\/Sesi\u00f3n-SIPINNA-5.jpg 1500w\" sizes=\"(max-width: 483px) 100vw, 483px\" \/><\/p>\n<p>&nbsp;<\/p>\n<p><img loading=\"lazy\" class=\"alignnone  wp-image-6454 aligncenter\" src=\"http:\/\/www.corregidora.gob.mx\/portal\/wp-content\/uploads\/2017\/04\/Sesi\u00f3n-SIPINNA-7-1024x683.jpg\" alt=\"Sesi\u00f3n SIPINNA (7)\" width=\"482\" height=\"321\" srcset=\"https:\/\/corregidora.gob.mx\/portal\/wp-content\/uploads\/2017\/04\/Sesi\u00f3n-SIPINNA-7-1024x683.jpg 1024w, https:\/\/corregidora.gob.mx\/portal\/wp-content\/uploads\/2017\/04\/Sesi\u00f3n-SIPINNA-7-300x200.jpg 300w, https:\/\/corregidora.gob.mx\/portal\/wp-content\/uploads\/2017\/04\/Sesi\u00f3n-SIPINNA-7-768x512.jpg 768w, https:\/\/corregidora.gob.mx\/portal\/wp-content\/uploads\/2017\/04\/Sesi\u00f3n-SIPINNA-7.jpg 1500w\" sizes=\"(max-width: 482px) 100vw, 482px\" \/><\/p>\n<p>&nbsp;<\/p>\n","protected":false},"excerpt":{"rendered":"<p>Se comenzar\u00e1 a trabajar para atender las principales problem\u00e1ticas entre los j\u00f3venes del municipio.\u00a0 Se colaborar\u00e1 con la UAQ para la investigaci\u00f3n de los conflictos sociales.<\/p>\n","protected":false},"author":15,"featured_media":6452,"comment_status":"closed","ping_status":"open","sticky":false,"template":"","format":"standard","meta":[],"categories":[234],"tags":[],"_links":{"self":[{"href":"https:\/\/corregidora.gob.mx\/portal\/wp-json\/wp\/v2\/posts\/6451"}],"collection":[{"href":"https:\/\/corregidora.gob.mx\/portal\/wp-json\/wp\/v2\/posts"}],"about":[{"href":"https:\/\/corregidora.gob.mx\/portal\/wp-json\/wp\/v2\/types\/post"}],"author":[{"embeddable":true,"href":"https:\/\/corregidora.gob.mx\/portal\/wp-json\/wp\/v2\/users\/15"}],"replies":[{"embeddable":true,"href":"https:\/\/corregidora.gob.mx\/portal\/wp-json\/wp\/v2\/comments?post=6451"}],"version-history":[{"count":1,"href":"https:\/\/corregidora.gob.mx\/portal\/wp-json\/wp\/v2\/posts\/6451\/revisions"}],"predecessor-version":[{"id":6455,"href":"https:\/\/corregidora.gob.mx\/portal\/wp-json\/wp\/v2\/posts\/6451\/revisions\/6455"}],"wp:featuredmedia":[{"embeddable":true,"href":"https:\/\/corregidora.gob.mx\/portal\/wp-json\/wp\/v2\/media\/6452"}],"wp:attachment":[{"href":"https:\/\/corregidora.gob.mx\/portal\/wp-json\/wp\/v2\/media?parent=6451"}],"wp:term":[{"taxonomy":"category","embeddable":true,"href":"https:\/\/corregidora.gob.mx\/portal\/wp-json\/wp\/v2\/categories?post=6451"},{"taxonomy":"post_tag","embeddable":true,"href":"https:\/\/corregidora.gob.mx\/portal\/wp-json\/wp\/v2\/tags?post=6451"}],"curies":[{"name":"wp","href":"https:\/\/api.w.org\/{rel}","templated":true}]}}