{"id":6053,"date":"2017-01-23T10:22:48","date_gmt":"2017-01-23T16:22:48","guid":{"rendered":"http:\/\/www.corregidora.gob.mx\/portal\/?p=6053"},"modified":"2017-01-23T10:22:48","modified_gmt":"2017-01-23T16:22:48","slug":"rehabilitan-parque-villa-cano-en-la-colonia-villas-campestre","status":"publish","type":"post","link":"https:\/\/corregidora.gob.mx\/portal\/rehabilitan-parque-villa-cano-en-la-colonia-villas-campestre\/","title":{"rendered":"Rehabilitan parque \u201cVilla Cano\u201d en la colonia Villas Campestre"},"content":{"rendered":"<ul>\n<li>\u00a0<em>Se realiz\u00f3 con una inversi\u00f3n superior a un mill\u00f3n 992 mil pesos.<\/em><\/li>\n<li><em>Se beneficiar\u00e1n con esta obra nueve mil 597 ciudadanos.<\/em><\/li>\n<\/ul>\n<p style=\"text-align: left;\"><!--more-->Mauricio Kuri Gonz\u00e1lez, presidente municipal de Corregidora, encabez\u00f3 la entrega de la rehabilitaci\u00f3n del parque \u201cVilla Cano\u201d, en la colonia Villas Campestre, obra ejecutada con una inversi\u00f3n\u00a0 de un\u00a0 mill\u00f3n 992 mil 491 pesos.<\/p>\n<p>\u201cHemos podido recuperara varios parques y estamos trabajando en los Centros de Desarrollo Humano, falta mucho por hacer, pero estoy convencido que vamos en el camino correcto. Este ser\u00e1 un a\u00f1o hist\u00f3rico para el pa\u00eds y les aseguro, que el mejor a\u00f1o de mi gobierno. Junto con el estado y la Federaci\u00f3n, vamos a hacer grandes cosas por Corregidora\u201c, asever\u00f3 Kuri Gonz\u00e1lez.<\/p>\n<p>Con esta acci\u00f3n se ver\u00e1n beneficiados nueve mil 597 ciudadanos y entre los trabajos realizados destacan la excavaci\u00f3n de 1,100m3 para mejoramiento de terreno, la construcci\u00f3n de 420 metros lineales de guarnici\u00f3n y pintura de trafico reflejante y 632m2 de \u00e1reas de andador por medio de adoqu\u00edn.<\/p>\n<p>Adem\u00e1s se pintaron 350m2 de muro, se colocaron 126m2 de pasto sint\u00e9tico, cuatro piezas de rampas para acceso a banquetas, se sembr\u00f3 vegetaci\u00f3n y pasto en 950m2, se instalaron 10 piezas de mobiliario y aparcabicicletas, tres m\u00f3dulos en el \u00e1rea de juegos infantiles y gimnasio y se emple\u00f3 instalaci\u00f3n el\u00e9ctrica de baja tensi\u00f3n y alumbrado, por medio de seis l\u00e1mparas.<\/p>\n<p>\u201cAqu\u00ed no hay dos Corregidoras, la del gobierno y la de los ciudadanos, por eso somos Corregidora Ciudadana, y estamos para escucharlos y que ustedes nos apoyen para poder trabajar como se debe y tener una mejor calidad de vida\u201d, precis\u00f3 el edil.<\/p>\n<p>Acompa\u00f1aron al alcalde en la l\u00ednea de honor: Ad\u00e1n Gardiaz\u00e1bal Garc\u00eda, delegado federal de la SEDATU en el estado; Shantal Guadalupe Valdez Cabrera, subdelegada de la SEDATU en el estado; Rogelio Vega V\u00e1zquez Mellado, jefe de Gabinete; Mayra Garc\u00eda P\u00e9rez, vecina de la colonia Villas Campestre; Fernando Orozco Vega, secretario de Desarrollo Urbano y Obras P\u00fablicas y Roberto Sosa Pichardo, secretario de Desarrollo Social.<\/p>\n<p>&nbsp;<\/p>\n<p><img loading=\"lazy\" class=\"wp-image-6055 aligncenter\" src=\"http:\/\/www.corregidora.gob.mx\/portal\/wp-content\/uploads\/2017\/01\/Villa-Cano-6-1024x682.jpg\" alt=\"Villa Cano (6)\" width=\"340\" height=\"226\" srcset=\"https:\/\/corregidora.gob.mx\/portal\/wp-content\/uploads\/2017\/01\/Villa-Cano-6-1024x682.jpg 1024w, https:\/\/corregidora.gob.mx\/portal\/wp-content\/uploads\/2017\/01\/Villa-Cano-6-300x200.jpg 300w, https:\/\/corregidora.gob.mx\/portal\/wp-content\/uploads\/2017\/01\/Villa-Cano-6-768x512.jpg 768w, https:\/\/corregidora.gob.mx\/portal\/wp-content\/uploads\/2017\/01\/Villa-Cano-6.jpg 1280w\" sizes=\"(max-width: 340px) 100vw, 340px\" \/><\/p>\n<p><img loading=\"lazy\" class=\"wp-image-6056 aligncenter\" src=\"http:\/\/www.corregidora.gob.mx\/portal\/wp-content\/uploads\/2017\/01\/Villa-Cano-7-1024x682.jpg\" alt=\"Villa Cano (7)\" width=\"340\" height=\"226\" srcset=\"https:\/\/corregidora.gob.mx\/portal\/wp-content\/uploads\/2017\/01\/Villa-Cano-7-1024x682.jpg 1024w, https:\/\/corregidora.gob.mx\/portal\/wp-content\/uploads\/2017\/01\/Villa-Cano-7-300x200.jpg 300w, https:\/\/corregidora.gob.mx\/portal\/wp-content\/uploads\/2017\/01\/Villa-Cano-7-768x512.jpg 768w, https:\/\/corregidora.gob.mx\/portal\/wp-content\/uploads\/2017\/01\/Villa-Cano-7.jpg 1280w\" sizes=\"(max-width: 340px) 100vw, 340px\" \/><\/p>\n","protected":false},"excerpt":{"rendered":"<p>\u00a0Se realiz\u00f3 con una inversi\u00f3n superior a un mill\u00f3n 992 mil pesos. Se beneficiar\u00e1n con esta obra nueve mil 597 ciudadanos.<\/p>\n","protected":false},"author":15,"featured_media":6054,"comment_status":"closed","ping_status":"open","sticky":false,"template":"","format":"standard","meta":[],"categories":[234],"tags":[],"_links":{"self":[{"href":"https:\/\/corregidora.gob.mx\/portal\/wp-json\/wp\/v2\/posts\/6053"}],"collection":[{"href":"https:\/\/corregidora.gob.mx\/portal\/wp-json\/wp\/v2\/posts"}],"about":[{"href":"https:\/\/corregidora.gob.mx\/portal\/wp-json\/wp\/v2\/types\/post"}],"author":[{"embeddable":true,"href":"https:\/\/corregidora.gob.mx\/portal\/wp-json\/wp\/v2\/users\/15"}],"replies":[{"embeddable":true,"href":"https:\/\/corregidora.gob.mx\/portal\/wp-json\/wp\/v2\/comments?post=6053"}],"version-history":[{"count":1,"href":"https:\/\/corregidora.gob.mx\/portal\/wp-json\/wp\/v2\/posts\/6053\/revisions"}],"predecessor-version":[{"id":6057,"href":"https:\/\/corregidora.gob.mx\/portal\/wp-json\/wp\/v2\/posts\/6053\/revisions\/6057"}],"wp:featuredmedia":[{"embeddable":true,"href":"https:\/\/corregidora.gob.mx\/portal\/wp-json\/wp\/v2\/media\/6054"}],"wp:attachment":[{"href":"https:\/\/corregidora.gob.mx\/portal\/wp-json\/wp\/v2\/media?parent=6053"}],"wp:term":[{"taxonomy":"category","embeddable":true,"href":"https:\/\/corregidora.gob.mx\/portal\/wp-json\/wp\/v2\/categories?post=6053"},{"taxonomy":"post_tag","embeddable":true,"href":"https:\/\/corregidora.gob.mx\/portal\/wp-json\/wp\/v2\/tags?post=6053"}],"curies":[{"name":"wp","href":"https:\/\/api.w.org\/{rel}","templated":true}]}}