{"id":43795,"date":"2026-04-21T12:19:21","date_gmt":"2026-04-21T18:19:21","guid":{"rendered":"https:\/\/corregidora.gob.mx\/portal\/?p=43795"},"modified":"2026-04-21T12:19:21","modified_gmt":"2026-04-21T18:19:21","slug":"chepe-guerrero-se-reune-con-vecinos-de-piramides-para-atender-temas-de-servicios-y-prevencion-de-inundaciones","status":"publish","type":"post","link":"https:\/\/corregidora.gob.mx\/portal\/chepe-guerrero-se-reune-con-vecinos-de-piramides-para-atender-temas-de-servicios-y-prevencion-de-inundaciones\/","title":{"rendered":"Chepe Guerrero se re\u00fane con vecinos de Pir\u00e1mides para atender temas de servicios y prevenci\u00f3n de inundaciones"},"content":{"rendered":"<ul>\n<li><em>El alcalde destac\u00f3 los trabajos preventivos de limpieza y mantenimiento en la zona ante la temporada de lluvias, as\u00ed como la coordinaci\u00f3n con los vecinos para la atenci\u00f3n de emergencias. <\/em><\/li>\n<\/ul>\n<p><!--more--><\/p>\n<p>El presidente municipal de Corregidora, Chepe Guerrero, sostuvo una reuni\u00f3n de trabajo con las y los administradores de los 31 condominios del fraccionamiento Pir\u00e1mides y zonas aleda\u00f1as, acompa\u00f1ado por integrantes de su gabinete, con el objetivo de escuchar y dar seguimiento a las principales inquietudes de las y los vecinos en materia de desarrollo urbano, servicios p\u00fablicos, seguridad, movilidad y obra p\u00fablica.<\/p>\n<p>Durante el encuentro, el alcalde inform\u00f3 sobre los avances en la limpieza de rejillas y el mantenimiento de los c\u00e1rcamos ubicados en la zona, acciones que buscan prevenir afectaciones mayores durante la temporada de lluvias, ya que el fraccionamiento Pir\u00e1mides se encuentra en una zona de riesgo al ubicarse en la parte m\u00e1s baja del municipio de Corregidora.<\/p>\n<p>\u201cMe acompa\u00f1an las y los secretarios que me van a ayudar a darle seguimiento a todas sus peticiones e inquietudes. Les agradecemos que nos reciban y reiteramos que estamos aqu\u00ed para escucharlos\u201d, expres\u00f3 Chepe Guerrero.<\/p>\n<p>Por su parte, la presidenta de la Asociaci\u00f3n de Colonos del fraccionamiento Pir\u00e1mides, Coty Pereda, agradeci\u00f3 a las autoridades municipales y estatales la atenci\u00f3n brindada a las peticiones de las y los vecinos, y reiter\u00f3 la disposici\u00f3n de trabajar en conjunto sociedad y gobierno para mejorar la calidad de vida en la zona.<\/p>\n<style>#jtg-43789 .modula-item .jtg-social a, .lightbox-socials.jtg-social a{ fill: #ffffff; color: #ffffff }#jtg-43789 .modula-item .jtg-social-mobile a{ fill: #ffffff; color: #ffffff }#jtg-43789 .modula-item .jtg-social svg, .lightbox-socials.jtg-social svg { height: 16px; width: 16px }#jtg-43789 .modula-item .jtg-social-mobile svg { height: 16px; width: 16px }#jtg-43789 .modula-item .jtg-social a:not(:last-child), .lightbox-socials.jtg-social a:not(:last-child) { margin-right: 10px }#jtg-43789 .modula-item .jtg-social-mobile .jtg-social-mobile-icons a:not(:last-child){ margin-right: 10px }#jtg-43789 .modula-item .figc {color:#ffffff;}#jtg-43789 .modula-item .figc .jtg-title {  font-size: 24px; }#jtg-43789 .modula-item .modula-item-content { transform: scale(1) }#jtg-43789 { width:100%;}#jtg-43789 .modula-items .figc p.description { font-size:16px; }#jtg-43789 .modula-items .figc p.description { color:#ffffff;}#jtg-43789 .modula-items .figc .jtg-title { color:#ffffff; }#jtg-43789.modula-gallery .modula-item > a, #jtg-43789.modula-gallery .modula-item, #jtg-43789.modula-gallery .modula-item-content > a:not(.modula-no-follow) { cursor:zoom-in; } #jtg-43789.modula-gallery .modula-item-content .modula-no-follow { cursor: default; } @media screen and (max-width:480px){#jtg-43789 .modula-item .figc .jtg-title {  font-size: 12px; }#jtg-43789 .modula-items .figc p.description { color:#ffffff;font-size:10px; }}<\/style>\n<div  id=\"jtg-43789\" class=\"modula modula-gallery modula-columns\" data-config=\"{&quot;tabletHeight&quot;:800,&quot;mobileHeight&quot;:800,&quot;desktopHeight&quot;:800,&quot;enableTwitter&quot;:false,&quot;enableWhatsapp&quot;:false,&quot;enableFacebook&quot;:false,&quot;enablePinterest&quot;:false,&quot;enableLinkedin&quot;:false,&quot;enableEmail&quot;:false,&quot;randomFactor&quot;:0.5,&quot;type&quot;:&quot;grid&quot;,&quot;columns&quot;:12,&quot;gutter&quot;:10,&quot;mobileGutter&quot;:10,&quot;tabletGutter&quot;:10,&quot;desktopGutter&quot;:10,&quot;enableResponsive&quot;:&quot;0&quot;,&quot;tabletColumns&quot;:2,&quot;mobileColumns&quot;:1,&quot;lazyLoad&quot;:true,&quot;lightboxOpts&quot;:{&quot;animated&quot;:true,&quot;Thumbs&quot;:{&quot;type&quot;:&quot;modern&quot;,&quot;showOnStart&quot;:false},&quot;Toolbar&quot;:{&quot;display&quot;:{&quot;right&quot;:[&quot;close&quot;]},&quot;enabled&quot;:true},&quot;Carousel&quot;:{&quot;Panzoom&quot;:{&quot;touch&quot;:false},&quot;infinite&quot;:false},&quot;keyboard&quot;:{&quot;Escape&quot;:&quot;close&quot;,&quot;Delete&quot;:&quot;close&quot;,&quot;Backspace&quot;:&quot;close&quot;,&quot;PageUp&quot;:false,&quot;PageDown&quot;:false,&quot;ArrowUp&quot;:false,&quot;ArrowDown&quot;:false,&quot;ArrowRight&quot;:false,&quot;ArrowLeft&quot;:false},&quot;touch&quot;:false,&quot;backdropClick&quot;:false,&quot;l10n&quot;:{&quot;CLOSE&quot;:&quot;Close&quot;,&quot;NEXT&quot;:&quot;Next&quot;,&quot;PREV&quot;:&quot;Previous&quot;,&quot;Error&quot;:&quot;The requested content cannot be loaded. Please try again later.&quot;,&quot;PLAY_START&quot;:&quot;Start slideshow&quot;,&quot;PLAY_STOP&quot;:&quot;Pause slideshow&quot;,&quot;FULL_SCREEN&quot;:&quot;Full screen&quot;,&quot;THUMBS&quot;:&quot;Thumbnails&quot;,&quot;DOWNLOAD&quot;:&quot;Download&quot;,&quot;SHARE&quot;:&quot;Share&quot;,&quot;ZOOM&quot;:&quot;Zoom&quot;,&quot;EMAIL&quot;:&quot;Here is the link to the image : %%image_link%% and this is the link to the gallery : %%gallery_link%%&quot;,&quot;MODAL&quot;:&quot;You can close this modal content with the ESC key&quot;,&quot;ERROR&quot;:&quot;Something Went Wrong, Please Try Again Later&quot;,&quot;IMAGE_ERROR&quot;:&quot;Image Not Found&quot;,&quot;ELEMENT_NOT_FOUND&quot;:&quot;HTML Element Not Found&quot;,&quot;AJAX_NOT_FOUND&quot;:&quot;Error Loading AJAX : Not Found&quot;,&quot;AJAX_FORBIDDEN&quot;:&quot;Error Loading AJAX : Forbidden&quot;,&quot;IFRAME_ERROR&quot;:&quot;Error Loading Page&quot;,&quot;TOGGLE_ZOOM&quot;:&quot;Toggle zoom level&quot;,&quot;TOGGLE_THUMBS&quot;:&quot;Toggle thumbnails&quot;,&quot;TOGGLE_SLIDESHOW&quot;:&quot;Toggle slideshow&quot;,&quot;TOGGLE_FULLSCREEN&quot;:&quot;Toggle full-screen mode&quot;},&quot;Images&quot;:{&quot;Panzoom&quot;:{&quot;maxScale&quot;:2}},&quot;mainClass&quot;:&quot;modula-fancybox-container modula-lightbox-jtg-43789&quot;,&quot;Html&quot;:{&quot;videoAutoplay&quot;:0,&quot;videoTpl&quot;:&quot;&lt;video class=\\&quot;fancybox__html5video\\&quot; controls muted playsinline controlsList controlsList=\\&quot;nodownload\\&quot; poster=\\&quot;{{poster}}\\&quot; src=\\&quot;{{src}}\\&quot; type=\\&quot;{{format}}\\&quot; &gt;  Sorry, your browser doesn&#039;t support embedded videos, &lt;a href=\\&quot;{{src}}\\&quot;&gt; download &lt;\\\/a&gt; and watch with your favorite video player! &lt;\\\/video&gt;&quot;}},&quot;inView&quot;:false,&quot;email_subject&quot;:&quot;Check out this awesome image !!&quot;,&quot;email_message&quot;:&quot;Here is the link to the image : %%image_link%% and this is the link to the gallery : %%gallery_link%%&quot;,&quot;grid_type&quot;:&quot;automatic&quot;,&quot;rowHeight&quot;:250,&quot;lastRow&quot;:&quot;justify&quot;,&quot;lightbox&quot;:&quot;fancybox&quot;}\">\n\n\t\n\t<div  class=\"modula-items grid-gallery\">\n\t\t<div class=\"modula-item effect-pufrobo\" >\n\t<div class=\"modula-item-overlay\"><\/div>\n\n\t<div class=\"modula-item-content\">\n\n\t\t\t\t\n\t\t\t\t\t<a data-image-id=\"43790\" tabindex=\"0\" rel=\"jtg-43789\" data-caption=\"\" aria-label=\"Open image in lightbox\" role=\"button\" class=\"tile-inner modula-item-link\"><\/a>\n\t\t\n\t\t<img class=\"pic wp-image-43790 lazyload\"  data-valign=\"middle\" data-halign=\"center\" alt=\"\" data-full=\"https:\/\/corregidora.gob.mx\/portal\/wp-content\/uploads\/2026\/04\/WhatsApp-Image-2026-04-21-at-11.03.49-AM.jpeg\" title=\"WhatsApp Image 2026-04-21 at 11.03.49 AM\" width=\"300\" height=\"200\" data-src=\"https:\/\/corregidora.gob.mx\/portal\/wp-content\/uploads\/2026\/04\/WhatsApp-Image-2026-04-21-at-11.03.49-AM-300x200.jpeg\" data-caption=\"\" data-source=\"modula\" data-srcset=\"https:\/\/corregidora.gob.mx\/portal\/wp-content\/uploads\/2026\/04\/WhatsApp-Image-2026-04-21-at-11.03.49-AM-scaled.jpeg 2560w, https:\/\/corregidora.gob.mx\/portal\/wp-content\/uploads\/2026\/04\/WhatsApp-Image-2026-04-21-at-11.03.49-AM-scaled-300x200.jpeg 300w, https:\/\/corregidora.gob.mx\/portal\/wp-content\/uploads\/2026\/04\/WhatsApp-Image-2026-04-21-at-11.03.49-AM-1024x683.jpeg 1024w, https:\/\/corregidora.gob.mx\/portal\/wp-content\/uploads\/2026\/04\/WhatsApp-Image-2026-04-21-at-11.03.49-AM-150x100.jpeg 150w, https:\/\/corregidora.gob.mx\/portal\/wp-content\/uploads\/2026\/04\/WhatsApp-Image-2026-04-21-at-11.03.49-AM-768x512.jpeg 768w, https:\/\/corregidora.gob.mx\/portal\/wp-content\/uploads\/2026\/04\/WhatsApp-Image-2026-04-21-at-11.03.49-AM-1536x1024.jpeg 1536w, https:\/\/corregidora.gob.mx\/portal\/wp-content\/uploads\/2026\/04\/WhatsApp-Image-2026-04-21-at-11.03.49-AM-2048x1365.jpeg 2048w\" data-sizes=\"(max-width: 300px) 100vw, 300px\" \/>\n\t\t<div class=\"figc no-description\">\n\t\t\t<div class=\"figc-inner\">\n\t\t\t\t\t\t\t\t\t\t\t\t\t\t\t<\/div>\n\t\t<\/div>\n\n\t<\/div>\n\n<\/div><div class=\"modula-item effect-pufrobo\" >\n\t<div class=\"modula-item-overlay\"><\/div>\n\n\t<div class=\"modula-item-content\">\n\n\t\t\t\t\n\t\t\t\t\t<a data-image-id=\"43791\" tabindex=\"0\" rel=\"jtg-43789\" data-caption=\"\" aria-label=\"Open image in lightbox\" role=\"button\" class=\"tile-inner modula-item-link\"><\/a>\n\t\t\n\t\t<img class=\"pic wp-image-43791 lazyload\"  data-valign=\"middle\" data-halign=\"center\" alt=\"\" data-full=\"https:\/\/corregidora.gob.mx\/portal\/wp-content\/uploads\/2026\/04\/WhatsApp-Image-2026-04-21-at-11.03.50-AM-1.jpeg\" title=\"WhatsApp Image 2026-04-21 at 11.03.50 AM (1)\" width=\"300\" height=\"200\" data-src=\"https:\/\/corregidora.gob.mx\/portal\/wp-content\/uploads\/2026\/04\/WhatsApp-Image-2026-04-21-at-11.03.50-AM-1-300x200.jpeg\" data-caption=\"\" data-source=\"modula\" data-srcset=\"https:\/\/corregidora.gob.mx\/portal\/wp-content\/uploads\/2026\/04\/WhatsApp-Image-2026-04-21-at-11.03.50-AM-1-scaled.jpeg 2560w, https:\/\/corregidora.gob.mx\/portal\/wp-content\/uploads\/2026\/04\/WhatsApp-Image-2026-04-21-at-11.03.50-AM-1-scaled-300x200.jpeg 300w, https:\/\/corregidora.gob.mx\/portal\/wp-content\/uploads\/2026\/04\/WhatsApp-Image-2026-04-21-at-11.03.50-AM-1-1024x683.jpeg 1024w, https:\/\/corregidora.gob.mx\/portal\/wp-content\/uploads\/2026\/04\/WhatsApp-Image-2026-04-21-at-11.03.50-AM-1-150x100.jpeg 150w, https:\/\/corregidora.gob.mx\/portal\/wp-content\/uploads\/2026\/04\/WhatsApp-Image-2026-04-21-at-11.03.50-AM-1-768x512.jpeg 768w, https:\/\/corregidora.gob.mx\/portal\/wp-content\/uploads\/2026\/04\/WhatsApp-Image-2026-04-21-at-11.03.50-AM-1-1536x1024.jpeg 1536w, https:\/\/corregidora.gob.mx\/portal\/wp-content\/uploads\/2026\/04\/WhatsApp-Image-2026-04-21-at-11.03.50-AM-1-2048x1365.jpeg 2048w\" data-sizes=\"(max-width: 300px) 100vw, 300px\" \/>\n\t\t<div class=\"figc no-description\">\n\t\t\t<div class=\"figc-inner\">\n\t\t\t\t\t\t\t\t\t\t\t\t\t\t\t<\/div>\n\t\t<\/div>\n\n\t<\/div>\n\n<\/div><div class=\"modula-item effect-pufrobo\" >\n\t<div class=\"modula-item-overlay\"><\/div>\n\n\t<div class=\"modula-item-content\">\n\n\t\t\t\t\n\t\t\t\t\t<a data-image-id=\"43792\" tabindex=\"0\" rel=\"jtg-43789\" data-caption=\"\" aria-label=\"Open image in lightbox\" role=\"button\" class=\"tile-inner modula-item-link\"><\/a>\n\t\t\n\t\t<img class=\"pic wp-image-43792 lazyload\"  data-valign=\"middle\" data-halign=\"center\" alt=\"\" data-full=\"https:\/\/corregidora.gob.mx\/portal\/wp-content\/uploads\/2026\/04\/WhatsApp-Image-2026-04-21-at-11.03.50-AM.jpeg\" title=\"WhatsApp Image 2026-04-21 at 11.03.50 AM\" width=\"300\" height=\"200\" data-src=\"https:\/\/corregidora.gob.mx\/portal\/wp-content\/uploads\/2026\/04\/WhatsApp-Image-2026-04-21-at-11.03.50-AM-300x200.jpeg\" data-caption=\"\" data-source=\"modula\" data-srcset=\"https:\/\/corregidora.gob.mx\/portal\/wp-content\/uploads\/2026\/04\/WhatsApp-Image-2026-04-21-at-11.03.50-AM-scaled.jpeg 2560w, https:\/\/corregidora.gob.mx\/portal\/wp-content\/uploads\/2026\/04\/WhatsApp-Image-2026-04-21-at-11.03.50-AM-scaled-300x200.jpeg 300w, https:\/\/corregidora.gob.mx\/portal\/wp-content\/uploads\/2026\/04\/WhatsApp-Image-2026-04-21-at-11.03.50-AM-1024x683.jpeg 1024w, https:\/\/corregidora.gob.mx\/portal\/wp-content\/uploads\/2026\/04\/WhatsApp-Image-2026-04-21-at-11.03.50-AM-150x100.jpeg 150w, https:\/\/corregidora.gob.mx\/portal\/wp-content\/uploads\/2026\/04\/WhatsApp-Image-2026-04-21-at-11.03.50-AM-768x512.jpeg 768w, https:\/\/corregidora.gob.mx\/portal\/wp-content\/uploads\/2026\/04\/WhatsApp-Image-2026-04-21-at-11.03.50-AM-1536x1024.jpeg 1536w, https:\/\/corregidora.gob.mx\/portal\/wp-content\/uploads\/2026\/04\/WhatsApp-Image-2026-04-21-at-11.03.50-AM-2048x1365.jpeg 2048w\" data-sizes=\"(max-width: 300px) 100vw, 300px\" \/>\n\t\t<div class=\"figc no-description\">\n\t\t\t<div class=\"figc-inner\">\n\t\t\t\t\t\t\t\t\t\t\t\t\t\t\t<\/div>\n\t\t<\/div>\n\n\t<\/div>\n\n<\/div><div class=\"modula-item effect-pufrobo\" >\n\t<div class=\"modula-item-overlay\"><\/div>\n\n\t<div class=\"modula-item-content\">\n\n\t\t\t\t\n\t\t\t\t\t<a data-image-id=\"43793\" tabindex=\"0\" rel=\"jtg-43789\" data-caption=\"\" aria-label=\"Open image in lightbox\" role=\"button\" class=\"tile-inner modula-item-link\"><\/a>\n\t\t\n\t\t<img class=\"pic wp-image-43793 lazyload\"  data-valign=\"middle\" data-halign=\"center\" alt=\"\" data-full=\"https:\/\/corregidora.gob.mx\/portal\/wp-content\/uploads\/2026\/04\/WhatsApp-Image-2026-04-21-at-11.04.00-AM.jpeg\" title=\"WhatsApp Image 2026-04-21 at 11.04.00 AM\" width=\"300\" height=\"200\" data-src=\"https:\/\/corregidora.gob.mx\/portal\/wp-content\/uploads\/2026\/04\/WhatsApp-Image-2026-04-21-at-11.04.00-AM-300x200.jpeg\" data-caption=\"\" data-source=\"modula\" data-srcset=\"https:\/\/corregidora.gob.mx\/portal\/wp-content\/uploads\/2026\/04\/WhatsApp-Image-2026-04-21-at-11.04.00-AM-scaled.jpeg 2560w, https:\/\/corregidora.gob.mx\/portal\/wp-content\/uploads\/2026\/04\/WhatsApp-Image-2026-04-21-at-11.04.00-AM-scaled-300x200.jpeg 300w, https:\/\/corregidora.gob.mx\/portal\/wp-content\/uploads\/2026\/04\/WhatsApp-Image-2026-04-21-at-11.04.00-AM-1024x683.jpeg 1024w, https:\/\/corregidora.gob.mx\/portal\/wp-content\/uploads\/2026\/04\/WhatsApp-Image-2026-04-21-at-11.04.00-AM-150x100.jpeg 150w, https:\/\/corregidora.gob.mx\/portal\/wp-content\/uploads\/2026\/04\/WhatsApp-Image-2026-04-21-at-11.04.00-AM-768x512.jpeg 768w, https:\/\/corregidora.gob.mx\/portal\/wp-content\/uploads\/2026\/04\/WhatsApp-Image-2026-04-21-at-11.04.00-AM-1536x1024.jpeg 1536w, https:\/\/corregidora.gob.mx\/portal\/wp-content\/uploads\/2026\/04\/WhatsApp-Image-2026-04-21-at-11.04.00-AM-2048x1365.jpeg 2048w\" data-sizes=\"(max-width: 300px) 100vw, 300px\" \/>\n\t\t<div class=\"figc no-description\">\n\t\t\t<div class=\"figc-inner\">\n\t\t\t\t\t\t\t\t\t\t\t\t\t\t\t<\/div>\n\t\t<\/div>\n\n\t<\/div>\n\n<\/div><div class=\"modula-item effect-pufrobo\" >\n\t<div class=\"modula-item-overlay\"><\/div>\n\n\t<div class=\"modula-item-content\">\n\n\t\t\t\t\n\t\t\t\t\t<a data-image-id=\"43794\" tabindex=\"0\" rel=\"jtg-43789\" data-caption=\"\" aria-label=\"Open image in lightbox\" role=\"button\" class=\"tile-inner modula-item-link\"><\/a>\n\t\t\n\t\t<img class=\"pic wp-image-43794 lazyload\"  data-valign=\"middle\" data-halign=\"center\" alt=\"\" data-full=\"https:\/\/corregidora.gob.mx\/portal\/wp-content\/uploads\/2026\/04\/WhatsApp-Image-2026-04-21-at-11.04.01-AM.jpeg\" title=\"WhatsApp Image 2026-04-21 at 11.04.01 AM\" width=\"300\" height=\"200\" data-src=\"https:\/\/corregidora.gob.mx\/portal\/wp-content\/uploads\/2026\/04\/WhatsApp-Image-2026-04-21-at-11.04.01-AM-300x200.jpeg\" data-caption=\"\" data-source=\"modula\" data-srcset=\"https:\/\/corregidora.gob.mx\/portal\/wp-content\/uploads\/2026\/04\/WhatsApp-Image-2026-04-21-at-11.04.01-AM-scaled.jpeg 2560w, https:\/\/corregidora.gob.mx\/portal\/wp-content\/uploads\/2026\/04\/WhatsApp-Image-2026-04-21-at-11.04.01-AM-scaled-300x200.jpeg 300w, https:\/\/corregidora.gob.mx\/portal\/wp-content\/uploads\/2026\/04\/WhatsApp-Image-2026-04-21-at-11.04.01-AM-1024x683.jpeg 1024w, https:\/\/corregidora.gob.mx\/portal\/wp-content\/uploads\/2026\/04\/WhatsApp-Image-2026-04-21-at-11.04.01-AM-150x100.jpeg 150w, https:\/\/corregidora.gob.mx\/portal\/wp-content\/uploads\/2026\/04\/WhatsApp-Image-2026-04-21-at-11.04.01-AM-768x512.jpeg 768w, https:\/\/corregidora.gob.mx\/portal\/wp-content\/uploads\/2026\/04\/WhatsApp-Image-2026-04-21-at-11.04.01-AM-1536x1024.jpeg 1536w, https:\/\/corregidora.gob.mx\/portal\/wp-content\/uploads\/2026\/04\/WhatsApp-Image-2026-04-21-at-11.04.01-AM-2048x1365.jpeg 2048w\" data-sizes=\"(max-width: 300px) 100vw, 300px\" \/>\n\t\t<div class=\"figc no-description\">\n\t\t\t<div class=\"figc-inner\">\n\t\t\t\t\t\t\t\t\t\t\t\t\t\t\t<\/div>\n\t\t<\/div>\n\n\t<\/div>\n\n<\/div>\t\t\n\t<\/div>\n\n\t\n\t\n\t<script type=\"application\/ld+json\">\n\t{\n\t\t\"@context\": \"http:\/\/schema.org\",\n\t\t\"@type\"   : \"ImageGallery\",\n\t\t\"id\"      : \"https:\/\/corregidora.gob.mx\/portal\/chepe-guerrero-se-reune-con-vecinos-de-piramides-para-atender-temas-de-servicios-y-prevencion-de-inundaciones\/\",\n\t\t\"url\"     : \"https:\/\/corregidora.gob.mx\/portal\/chepe-guerrero-se-reune-con-vecinos-de-piramides-para-atender-temas-de-servicios-y-prevencion-de-inundaciones\/\"\n\t}\n\n\t<\/script>\n\n\t\n<\/div>\n","protected":false},"excerpt":{"rendered":"<p>El alcalde destac\u00f3 los trabajos preventivos de limpieza y mantenimiento en la zona ante la temporada de lluvias, as\u00ed como la coordinaci\u00f3n con los vecinos para la atenci\u00f3n de emergencias.<\/p>\n","protected":false},"author":15,"featured_media":43790,"comment_status":"closed","ping_status":"closed","sticky":false,"template":"","format":"standard","meta":[],"categories":[234],"tags":[],"_links":{"self":[{"href":"https:\/\/corregidora.gob.mx\/portal\/wp-json\/wp\/v2\/posts\/43795"}],"collection":[{"href":"https:\/\/corregidora.gob.mx\/portal\/wp-json\/wp\/v2\/posts"}],"about":[{"href":"https:\/\/corregidora.gob.mx\/portal\/wp-json\/wp\/v2\/types\/post"}],"author":[{"embeddable":true,"href":"https:\/\/corregidora.gob.mx\/portal\/wp-json\/wp\/v2\/users\/15"}],"replies":[{"embeddable":true,"href":"https:\/\/corregidora.gob.mx\/portal\/wp-json\/wp\/v2\/comments?post=43795"}],"version-history":[{"count":1,"href":"https:\/\/corregidora.gob.mx\/portal\/wp-json\/wp\/v2\/posts\/43795\/revisions"}],"predecessor-version":[{"id":43796,"href":"https:\/\/corregidora.gob.mx\/portal\/wp-json\/wp\/v2\/posts\/43795\/revisions\/43796"}],"wp:featuredmedia":[{"embeddable":true,"href":"https:\/\/corregidora.gob.mx\/portal\/wp-json\/wp\/v2\/media\/43790"}],"wp:attachment":[{"href":"https:\/\/corregidora.gob.mx\/portal\/wp-json\/wp\/v2\/media?parent=43795"}],"wp:term":[{"taxonomy":"category","embeddable":true,"href":"https:\/\/corregidora.gob.mx\/portal\/wp-json\/wp\/v2\/categories?post=43795"},{"taxonomy":"post_tag","embeddable":true,"href":"https:\/\/corregidora.gob.mx\/portal\/wp-json\/wp\/v2\/tags?post=43795"}],"curies":[{"name":"wp","href":"https:\/\/api.w.org\/{rel}","templated":true}]}}