{"id":42336,"date":"2025-10-13T09:20:46","date_gmt":"2025-10-13T15:20:46","guid":{"rendered":"https:\/\/corregidora.gob.mx\/portal\/?p=42336"},"modified":"2025-10-13T09:20:46","modified_gmt":"2025-10-13T15:20:46","slug":"chepe-guerrero-y-gaby-trapala-inauguran-la-muestra-artesanal-de-gastronomia-raices-que-inspiran","status":"publish","type":"post","link":"https:\/\/corregidora.gob.mx\/portal\/chepe-guerrero-y-gaby-trapala-inauguran-la-muestra-artesanal-de-gastronomia-raices-que-inspiran\/","title":{"rendered":"Chepe Guerrero y Gaby Tr\u00e1pala inauguran la Muestra Artesanal de Gastronom\u00eda \u201cRa\u00edces que Inspiran\u201d"},"content":{"rendered":"<ul>\n<li><em>22 grupos de personas adultas mayores del DIF Municipal participaron en la exposici\u00f3n y comercializaci\u00f3n de productos gastron\u00f3micos y artesanales elaborados por sus propias manos. <\/em><\/li>\n<\/ul>\n<p><!--more--><\/p>\n<p>El presidente municipal de Corregidora, Chepe Guerrero, y la presidenta del Patronato del Sistema Municipal DIF, Gaby Tr\u00e1pala, inauguraron la Muestra Artesanal de Gastronom\u00eda \u201cRa\u00edces que Inspiran\u201d, en la que participan 22 grupos de personas adultas mayores beneficiarias de programas sociales del DIF, quienes exponen y comercializan productos gastron\u00f3micos y artesanales elaborados por sus propias manos ante m\u00e1s de mil asistentes.<\/p>\n<p>Chepe Guerrero refrend\u00f3 su compromiso para que Corregidora siga avanzando A Paso Firme como un municipio incluyente, donde todas las personas adultas mayores cuenten con una vida digna a trav\u00e9s de espacios seguros para su desarrollo, y a la vez, siendo part\u00edcipes de las actividades econ\u00f3micas y culturales.<\/p>\n<p>\u201cHoy lo que les quiero decir es que ha pedido a todo mi Gabinete, y as\u00ed lo hacen, todos vamos a ser emp\u00e1ticos con nuestros adultos mayores. Porque en esa empat\u00eda podemos entender la importancia de nuestra muestra gastron\u00f3mica, que nos presenten y ofrezcan su artesan\u00eda, y la comida que cocinan con el alma\u201d, destac\u00f3 Chepe Guerrero.<\/p>\n<p>La presidenta del Patronato del Sistema Municipal DIF de Corregidora, Gaby Tr\u00e1pala, destac\u00f3 que la Muestra Artesanal de Gastronom\u00eda \u201cRa\u00edces que Inspiran\u201d fomenta la inclusi\u00f3n activa, el reconocimiento social y el empoderamiento econ\u00f3mico de las personas adultas mayores, poniendo en el centro el valor de la experiencia, dignidad y contribuci\u00f3n activa de este sector.<\/p>\n<p>\u201cHoy, el Jard\u00edn Principal de El Pueblito se viste de alegr\u00eda, de color y de talento.<br \/>\nCada stand, cada platillo y cada artesan\u00eda nos cuentan una historia: la historia de personas que, con sus manos y su esfuerzo, han construido la identidad de nuestro municipio.<\/p>\n<p>\u201cRa\u00edces que Inspiran\u201d es mucho m\u00e1s que una exposici\u00f3n.<br \/>\nEs un reconocimiento a todas y todos los adultos mayores que siguen ense\u00f1\u00e1ndonos, con su ejemplo, que\u00a0nunca hay edad para crear, para compartir y para seguir so\u00f1ando\u201d, detall\u00f3 Gaby Tr\u00e1pala.<\/p>\n<p>En el evento inaugural estuvieron: la directora del Sistema Municipal DIF Corregidora, Maricruz Arellano; Paola Fernandez Trejo, Procuradora. La secretaria de Salud de Gobierno del Estado, Martina P\u00e9rez Rend\u00f3n, el diputado Mauricio C\u00e1rdenas, as\u00ed como secretarias y secretarios del Gobierno Municipal de Corregidora.<\/p>\n<style>#jtg-42331 .modula-item .jtg-social a, .lightbox-socials.jtg-social a{ fill: #ffffff; color: #ffffff }#jtg-42331 .modula-item .jtg-social-mobile a{ fill: #ffffff; color: #ffffff }#jtg-42331 .modula-item .jtg-social svg, .lightbox-socials.jtg-social svg { height: 16px; width: 16px }#jtg-42331 .modula-item .jtg-social-mobile svg { height: 16px; width: 16px }#jtg-42331 .modula-item .jtg-social a:not(:last-child), .lightbox-socials.jtg-social a:not(:last-child) { margin-right: 10px }#jtg-42331 .modula-item .jtg-social-mobile .jtg-social-mobile-icons a:not(:last-child){ margin-right: 10px }#jtg-42331 .modula-item .figc {color:#ffffff;}#jtg-42331 .modula-item .figc .jtg-title {  font-size: 24px; }#jtg-42331 .modula-item .modula-item-content { transform: scale(1) }#jtg-42331 { width:100%;}#jtg-42331 .modula-items .figc p.description { font-size:16px; }#jtg-42331 .modula-items .figc p.description { color:#ffffff;}#jtg-42331 .modula-items .figc .jtg-title { color:#ffffff; }#jtg-42331.modula-gallery .modula-item > a, #jtg-42331.modula-gallery .modula-item, #jtg-42331.modula-gallery .modula-item-content > a:not(.modula-no-follow) { cursor:zoom-in; } #jtg-42331.modula-gallery .modula-item-content .modula-no-follow { cursor: default; } @media screen and (max-width:480px){#jtg-42331 .modula-item .figc .jtg-title {  font-size: 12px; }#jtg-42331 .modula-items .figc p.description { color:#ffffff;font-size:10px; }}<\/style>\n<div  id=\"jtg-42331\" class=\"modula modula-gallery modula-columns\" data-config=\"{&quot;tabletHeight&quot;:800,&quot;mobileHeight&quot;:800,&quot;desktopHeight&quot;:800,&quot;enableTwitter&quot;:false,&quot;enableWhatsapp&quot;:false,&quot;enableFacebook&quot;:false,&quot;enablePinterest&quot;:false,&quot;enableLinkedin&quot;:false,&quot;enableEmail&quot;:false,&quot;randomFactor&quot;:0.5,&quot;type&quot;:&quot;grid&quot;,&quot;columns&quot;:12,&quot;gutter&quot;:10,&quot;mobileGutter&quot;:10,&quot;tabletGutter&quot;:10,&quot;desktopGutter&quot;:10,&quot;enableResponsive&quot;:&quot;0&quot;,&quot;tabletColumns&quot;:2,&quot;mobileColumns&quot;:1,&quot;lazyLoad&quot;:true,&quot;lightboxOpts&quot;:{&quot;animated&quot;:true,&quot;Thumbs&quot;:{&quot;type&quot;:&quot;modern&quot;,&quot;showOnStart&quot;:false},&quot;Toolbar&quot;:{&quot;display&quot;:{&quot;right&quot;:[&quot;close&quot;]},&quot;enabled&quot;:true},&quot;Carousel&quot;:{&quot;Panzoom&quot;:{&quot;touch&quot;:false},&quot;infinite&quot;:false},&quot;keyboard&quot;:{&quot;Escape&quot;:&quot;close&quot;,&quot;Delete&quot;:&quot;close&quot;,&quot;Backspace&quot;:&quot;close&quot;,&quot;PageUp&quot;:false,&quot;PageDown&quot;:false,&quot;ArrowUp&quot;:false,&quot;ArrowDown&quot;:false,&quot;ArrowRight&quot;:false,&quot;ArrowLeft&quot;:false},&quot;touch&quot;:false,&quot;backdropClick&quot;:false,&quot;l10n&quot;:{&quot;CLOSE&quot;:&quot;Close&quot;,&quot;NEXT&quot;:&quot;Next&quot;,&quot;PREV&quot;:&quot;Previous&quot;,&quot;Error&quot;:&quot;The requested content cannot be loaded. Please try again later.&quot;,&quot;PLAY_START&quot;:&quot;Start slideshow&quot;,&quot;PLAY_STOP&quot;:&quot;Pause slideshow&quot;,&quot;FULL_SCREEN&quot;:&quot;Full screen&quot;,&quot;THUMBS&quot;:&quot;Thumbnails&quot;,&quot;DOWNLOAD&quot;:&quot;Download&quot;,&quot;SHARE&quot;:&quot;Share&quot;,&quot;ZOOM&quot;:&quot;Zoom&quot;,&quot;EMAIL&quot;:&quot;Here is the link to the image : %%image_link%% and this is the link to the gallery : %%gallery_link%%&quot;,&quot;MODAL&quot;:&quot;You can close this modal content with the ESC key&quot;,&quot;ERROR&quot;:&quot;Something Went Wrong, Please Try Again Later&quot;,&quot;IMAGE_ERROR&quot;:&quot;Image Not Found&quot;,&quot;ELEMENT_NOT_FOUND&quot;:&quot;HTML Element Not Found&quot;,&quot;AJAX_NOT_FOUND&quot;:&quot;Error Loading AJAX : Not Found&quot;,&quot;AJAX_FORBIDDEN&quot;:&quot;Error Loading AJAX : Forbidden&quot;,&quot;IFRAME_ERROR&quot;:&quot;Error Loading Page&quot;,&quot;TOGGLE_ZOOM&quot;:&quot;Toggle zoom level&quot;,&quot;TOGGLE_THUMBS&quot;:&quot;Toggle thumbnails&quot;,&quot;TOGGLE_SLIDESHOW&quot;:&quot;Toggle slideshow&quot;,&quot;TOGGLE_FULLSCREEN&quot;:&quot;Toggle full-screen mode&quot;},&quot;Images&quot;:{&quot;Panzoom&quot;:{&quot;maxScale&quot;:2}},&quot;mainClass&quot;:&quot;modula-fancybox-container modula-lightbox-jtg-42331&quot;,&quot;Html&quot;:{&quot;videoAutoplay&quot;:0,&quot;videoTpl&quot;:&quot;&lt;video class=\\&quot;fancybox__html5video\\&quot; controls muted playsinline controlsList controlsList=\\&quot;nodownload\\&quot; poster=\\&quot;{{poster}}\\&quot; src=\\&quot;{{src}}\\&quot; type=\\&quot;{{format}}\\&quot; &gt;  Sorry, your browser doesn&#039;t support embedded videos, &lt;a href=\\&quot;{{src}}\\&quot;&gt; download &lt;\\\/a&gt; and watch with your favorite video player! &lt;\\\/video&gt;&quot;}},&quot;inView&quot;:false,&quot;email_subject&quot;:&quot;Check out this awesome image !!&quot;,&quot;email_message&quot;:&quot;Here is the link to the image : %%image_link%% and this is the link to the gallery : %%gallery_link%%&quot;,&quot;grid_type&quot;:&quot;automatic&quot;,&quot;rowHeight&quot;:250,&quot;lastRow&quot;:&quot;justify&quot;,&quot;lightbox&quot;:&quot;fancybox&quot;}\">\n\n\t\n\t<div  class=\"modula-items grid-gallery\">\n\t\t<div class=\"modula-item effect-pufrobo\" >\n\t<div class=\"modula-item-overlay\"><\/div>\n\n\t<div class=\"modula-item-content\">\n\n\t\t\t\t\n\t\t\t\t\t<a data-image-id=\"42332\" tabindex=\"0\" rel=\"jtg-42331\" data-caption=\"\" aria-label=\"Open image in lightbox\" role=\"button\" class=\"tile-inner modula-item-link\"><\/a>\n\t\t\n\t\t<img class=\"pic wp-image-42332 lazyload\"  data-valign=\"middle\" data-halign=\"center\" alt=\"\" data-full=\"https:\/\/corregidora.gob.mx\/portal\/wp-content\/uploads\/2025\/10\/WhatsApp-Image-2025-10-11-at-1.16.41-PM.jpeg\" title=\"WhatsApp Image 2025-10-11 at 1.16.41 PM\" width=\"300\" height=\"200\" data-src=\"https:\/\/corregidora.gob.mx\/portal\/wp-content\/uploads\/2025\/10\/WhatsApp-Image-2025-10-11-at-1.16.41-PM-300x200.jpeg\" data-caption=\"\" data-source=\"modula\" data-srcset=\"https:\/\/corregidora.gob.mx\/portal\/wp-content\/uploads\/2025\/10\/WhatsApp-Image-2025-10-11-at-1.16.41-PM-scaled.jpeg 2560w, https:\/\/corregidora.gob.mx\/portal\/wp-content\/uploads\/2025\/10\/WhatsApp-Image-2025-10-11-at-1.16.41-PM-scaled-300x200.jpeg 300w, https:\/\/corregidora.gob.mx\/portal\/wp-content\/uploads\/2025\/10\/WhatsApp-Image-2025-10-11-at-1.16.41-PM-1024x683.jpeg 1024w, https:\/\/corregidora.gob.mx\/portal\/wp-content\/uploads\/2025\/10\/WhatsApp-Image-2025-10-11-at-1.16.41-PM-150x100.jpeg 150w, https:\/\/corregidora.gob.mx\/portal\/wp-content\/uploads\/2025\/10\/WhatsApp-Image-2025-10-11-at-1.16.41-PM-768x512.jpeg 768w, https:\/\/corregidora.gob.mx\/portal\/wp-content\/uploads\/2025\/10\/WhatsApp-Image-2025-10-11-at-1.16.41-PM-1536x1024.jpeg 1536w, https:\/\/corregidora.gob.mx\/portal\/wp-content\/uploads\/2025\/10\/WhatsApp-Image-2025-10-11-at-1.16.41-PM-2048x1365.jpeg 2048w\" data-sizes=\"(max-width: 300px) 100vw, 300px\" \/>\n\t\t<div class=\"figc no-description\">\n\t\t\t<div class=\"figc-inner\">\n\t\t\t\t\t\t\t\t\t\t\t\t\t\t\t<\/div>\n\t\t<\/div>\n\n\t<\/div>\n\n<\/div><div class=\"modula-item effect-pufrobo\" >\n\t<div class=\"modula-item-overlay\"><\/div>\n\n\t<div class=\"modula-item-content\">\n\n\t\t\t\t\n\t\t\t\t\t<a data-image-id=\"42333\" tabindex=\"0\" rel=\"jtg-42331\" data-caption=\"\" aria-label=\"Open image in lightbox\" role=\"button\" class=\"tile-inner modula-item-link\"><\/a>\n\t\t\n\t\t<img class=\"pic wp-image-42333 lazyload\"  data-valign=\"middle\" data-halign=\"center\" alt=\"\" data-full=\"https:\/\/corregidora.gob.mx\/portal\/wp-content\/uploads\/2025\/10\/WhatsApp-Image-2025-10-11-at-1.16.56-PM-1.jpeg\" title=\"WhatsApp Image 2025-10-11 at 1.16.56 PM (1)\" width=\"300\" height=\"168\" data-src=\"https:\/\/corregidora.gob.mx\/portal\/wp-content\/uploads\/2025\/10\/WhatsApp-Image-2025-10-11-at-1.16.56-PM-1-300x168.jpeg\" data-caption=\"\" data-source=\"modula\" data-srcset=\"https:\/\/corregidora.gob.mx\/portal\/wp-content\/uploads\/2025\/10\/WhatsApp-Image-2025-10-11-at-1.16.56-PM-1-scaled.jpeg 2560w, https:\/\/corregidora.gob.mx\/portal\/wp-content\/uploads\/2025\/10\/WhatsApp-Image-2025-10-11-at-1.16.56-PM-1-scaled-300x168.jpeg 300w, https:\/\/corregidora.gob.mx\/portal\/wp-content\/uploads\/2025\/10\/WhatsApp-Image-2025-10-11-at-1.16.56-PM-1-1024x575.jpeg 1024w, https:\/\/corregidora.gob.mx\/portal\/wp-content\/uploads\/2025\/10\/WhatsApp-Image-2025-10-11-at-1.16.56-PM-1-150x84.jpeg 150w, https:\/\/corregidora.gob.mx\/portal\/wp-content\/uploads\/2025\/10\/WhatsApp-Image-2025-10-11-at-1.16.56-PM-1-768x431.jpeg 768w, https:\/\/corregidora.gob.mx\/portal\/wp-content\/uploads\/2025\/10\/WhatsApp-Image-2025-10-11-at-1.16.56-PM-1-1536x863.jpeg 1536w, https:\/\/corregidora.gob.mx\/portal\/wp-content\/uploads\/2025\/10\/WhatsApp-Image-2025-10-11-at-1.16.56-PM-1-2048x1150.jpeg 2048w\" data-sizes=\"(max-width: 300px) 100vw, 300px\" \/>\n\t\t<div class=\"figc no-description\">\n\t\t\t<div class=\"figc-inner\">\n\t\t\t\t\t\t\t\t\t\t\t\t\t\t\t<\/div>\n\t\t<\/div>\n\n\t<\/div>\n\n<\/div><div class=\"modula-item effect-pufrobo\" >\n\t<div class=\"modula-item-overlay\"><\/div>\n\n\t<div class=\"modula-item-content\">\n\n\t\t\t\t\n\t\t\t\t\t<a data-image-id=\"42334\" tabindex=\"0\" rel=\"jtg-42331\" data-caption=\"\" aria-label=\"Open image in lightbox\" role=\"button\" class=\"tile-inner modula-item-link\"><\/a>\n\t\t\n\t\t<img class=\"pic wp-image-42334 lazyload\"  data-valign=\"middle\" data-halign=\"center\" alt=\"\" data-full=\"https:\/\/corregidora.gob.mx\/portal\/wp-content\/uploads\/2025\/10\/WhatsApp-Image-2025-10-11-at-1.16.56-PM-2.jpeg\" title=\"WhatsApp Image 2025-10-11 at 1.16.56 PM (2)\" width=\"300\" height=\"168\" data-src=\"https:\/\/corregidora.gob.mx\/portal\/wp-content\/uploads\/2025\/10\/WhatsApp-Image-2025-10-11-at-1.16.56-PM-2-300x168.jpeg\" data-caption=\"\" data-source=\"modula\" data-srcset=\"https:\/\/corregidora.gob.mx\/portal\/wp-content\/uploads\/2025\/10\/WhatsApp-Image-2025-10-11-at-1.16.56-PM-2-scaled.jpeg 2560w, https:\/\/corregidora.gob.mx\/portal\/wp-content\/uploads\/2025\/10\/WhatsApp-Image-2025-10-11-at-1.16.56-PM-2-scaled-300x168.jpeg 300w, https:\/\/corregidora.gob.mx\/portal\/wp-content\/uploads\/2025\/10\/WhatsApp-Image-2025-10-11-at-1.16.56-PM-2-1024x575.jpeg 1024w, https:\/\/corregidora.gob.mx\/portal\/wp-content\/uploads\/2025\/10\/WhatsApp-Image-2025-10-11-at-1.16.56-PM-2-150x84.jpeg 150w, https:\/\/corregidora.gob.mx\/portal\/wp-content\/uploads\/2025\/10\/WhatsApp-Image-2025-10-11-at-1.16.56-PM-2-768x431.jpeg 768w, https:\/\/corregidora.gob.mx\/portal\/wp-content\/uploads\/2025\/10\/WhatsApp-Image-2025-10-11-at-1.16.56-PM-2-1536x863.jpeg 1536w, https:\/\/corregidora.gob.mx\/portal\/wp-content\/uploads\/2025\/10\/WhatsApp-Image-2025-10-11-at-1.16.56-PM-2-2048x1150.jpeg 2048w\" data-sizes=\"(max-width: 300px) 100vw, 300px\" \/>\n\t\t<div class=\"figc no-description\">\n\t\t\t<div class=\"figc-inner\">\n\t\t\t\t\t\t\t\t\t\t\t\t\t\t\t<\/div>\n\t\t<\/div>\n\n\t<\/div>\n\n<\/div><div class=\"modula-item effect-pufrobo\" >\n\t<div class=\"modula-item-overlay\"><\/div>\n\n\t<div class=\"modula-item-content\">\n\n\t\t\t\t\n\t\t\t\t\t<a data-image-id=\"42335\" tabindex=\"0\" rel=\"jtg-42331\" data-caption=\"\" aria-label=\"Open image in lightbox\" role=\"button\" class=\"tile-inner modula-item-link\"><\/a>\n\t\t\n\t\t<img class=\"pic wp-image-42335 lazyload\"  data-valign=\"middle\" data-halign=\"center\" alt=\"\" data-full=\"https:\/\/corregidora.gob.mx\/portal\/wp-content\/uploads\/2025\/10\/WhatsApp-Image-2025-10-11-at-1.16.56-PM.jpeg\" title=\"WhatsApp Image 2025-10-11 at 1.16.56 PM\" width=\"300\" height=\"168\" data-src=\"https:\/\/corregidora.gob.mx\/portal\/wp-content\/uploads\/2025\/10\/WhatsApp-Image-2025-10-11-at-1.16.56-PM-300x168.jpeg\" data-caption=\"\" data-source=\"modula\" data-srcset=\"https:\/\/corregidora.gob.mx\/portal\/wp-content\/uploads\/2025\/10\/WhatsApp-Image-2025-10-11-at-1.16.56-PM-scaled.jpeg 2560w, https:\/\/corregidora.gob.mx\/portal\/wp-content\/uploads\/2025\/10\/WhatsApp-Image-2025-10-11-at-1.16.56-PM-scaled-300x168.jpeg 300w, https:\/\/corregidora.gob.mx\/portal\/wp-content\/uploads\/2025\/10\/WhatsApp-Image-2025-10-11-at-1.16.56-PM-1024x575.jpeg 1024w, https:\/\/corregidora.gob.mx\/portal\/wp-content\/uploads\/2025\/10\/WhatsApp-Image-2025-10-11-at-1.16.56-PM-150x84.jpeg 150w, https:\/\/corregidora.gob.mx\/portal\/wp-content\/uploads\/2025\/10\/WhatsApp-Image-2025-10-11-at-1.16.56-PM-768x431.jpeg 768w, https:\/\/corregidora.gob.mx\/portal\/wp-content\/uploads\/2025\/10\/WhatsApp-Image-2025-10-11-at-1.16.56-PM-1536x862.jpeg 1536w, https:\/\/corregidora.gob.mx\/portal\/wp-content\/uploads\/2025\/10\/WhatsApp-Image-2025-10-11-at-1.16.56-PM-2048x1150.jpeg 2048w\" data-sizes=\"(max-width: 300px) 100vw, 300px\" \/>\n\t\t<div class=\"figc no-description\">\n\t\t\t<div class=\"figc-inner\">\n\t\t\t\t\t\t\t\t\t\t\t\t\t\t\t<\/div>\n\t\t<\/div>\n\n\t<\/div>\n\n<\/div>\t\t\n\t<\/div>\n\n\t\n\t\n\t<script type=\"application\/ld+json\">\n\t{\n\t\t\"@context\": \"http:\/\/schema.org\",\n\t\t\"@type\"   : \"ImageGallery\",\n\t\t\"id\"      : \"https:\/\/corregidora.gob.mx\/portal\/chepe-guerrero-y-gaby-trapala-inauguran-la-muestra-artesanal-de-gastronomia-raices-que-inspiran\/\",\n\t\t\"url\"     : \"https:\/\/corregidora.gob.mx\/portal\/chepe-guerrero-y-gaby-trapala-inauguran-la-muestra-artesanal-de-gastronomia-raices-que-inspiran\/\"\n\t}\n\n\t<\/script>\n\n\t\n<\/div>\n","protected":false},"excerpt":{"rendered":"<p>22 grupos de personas adultas mayores del DIF Municipal participaron en la exposici\u00f3n y comercializaci\u00f3n de productos gastron\u00f3micos y artesanales elaborados por sus propias manos.<\/p>\n","protected":false},"author":15,"featured_media":42332,"comment_status":"closed","ping_status":"closed","sticky":false,"template":"","format":"standard","meta":[],"categories":[234],"tags":[],"_links":{"self":[{"href":"https:\/\/corregidora.gob.mx\/portal\/wp-json\/wp\/v2\/posts\/42336"}],"collection":[{"href":"https:\/\/corregidora.gob.mx\/portal\/wp-json\/wp\/v2\/posts"}],"about":[{"href":"https:\/\/corregidora.gob.mx\/portal\/wp-json\/wp\/v2\/types\/post"}],"author":[{"embeddable":true,"href":"https:\/\/corregidora.gob.mx\/portal\/wp-json\/wp\/v2\/users\/15"}],"replies":[{"embeddable":true,"href":"https:\/\/corregidora.gob.mx\/portal\/wp-json\/wp\/v2\/comments?post=42336"}],"version-history":[{"count":1,"href":"https:\/\/corregidora.gob.mx\/portal\/wp-json\/wp\/v2\/posts\/42336\/revisions"}],"predecessor-version":[{"id":42337,"href":"https:\/\/corregidora.gob.mx\/portal\/wp-json\/wp\/v2\/posts\/42336\/revisions\/42337"}],"wp:featuredmedia":[{"embeddable":true,"href":"https:\/\/corregidora.gob.mx\/portal\/wp-json\/wp\/v2\/media\/42332"}],"wp:attachment":[{"href":"https:\/\/corregidora.gob.mx\/portal\/wp-json\/wp\/v2\/media?parent=42336"}],"wp:term":[{"taxonomy":"category","embeddable":true,"href":"https:\/\/corregidora.gob.mx\/portal\/wp-json\/wp\/v2\/categories?post=42336"},{"taxonomy":"post_tag","embeddable":true,"href":"https:\/\/corregidora.gob.mx\/portal\/wp-json\/wp\/v2\/tags?post=42336"}],"curies":[{"name":"wp","href":"https:\/\/api.w.org\/{rel}","templated":true}]}}