{"id":3649,"date":"2015-12-21T11:06:51","date_gmt":"2015-12-21T17:06:51","guid":{"rendered":"http:\/\/www.corregidora.gob.mx\/portal\/?p=3649"},"modified":"2015-12-21T11:09:06","modified_gmt":"2015-12-21T17:09:06","slug":"implementan-en-corregidora-la-campana-tienes-frio-toma-uno-quieres-ayudar-pon-uno","status":"publish","type":"post","link":"https:\/\/corregidora.gob.mx\/portal\/implementan-en-corregidora-la-campana-tienes-frio-toma-uno-quieres-ayudar-pon-uno\/","title":{"rendered":"Implementan en Corregidora la campa\u00f1a \u201c\u00bfTienes fr\u00edo? Toma uno, \u00bfQuieres ayudar? Pon uno\u201d"},"content":{"rendered":"<p class=\"p1\" style=\"text-align: justify;\"><i>En el Jard\u00edn Principal de El Pueblito, se puso en marcha la popular campa\u00f1a a beneficio de los m\u00e1s vulnerables.<\/i><\/p>\n<p class=\"p1\" style=\"text-align: justify;\"><!--more--><\/p>\n<p class=\"p1\" style=\"text-align: justify;\"><i>A partir de hoy y hasta el mes de enero, los ciudadanos pueden sumarse al programa.<\/i><\/p>\n<p class=\"p6\" style=\"text-align: justify;\">En representaci\u00f3n de Mauricio Kuri Gonz\u00e1lez, presidente municipal de Corregidora, Roberto Sosa Pichardo, secretario de Desarrollo Social, encabez\u00f3 el arranque de la campa\u00f1a \u201c\u00bfTienes fr\u00edo? Toma uno, \u00bfQuieres ayudar? Pon uno\u201d.<\/p>\n<p class=\"p6\" style=\"text-align: justify;\">Al igual que en distintos puntos del pa\u00eds, la campa\u00f1a que inici\u00f3 en Xalapa, Veracruz, se replica en el Municipio con el prop\u00f3sito de ayudar a quienes m\u00e1s lo necesitan con prendas abrigadoras para protegerse del fr\u00edo y hacer m\u00e1s llevadera la temporada.<img loading=\"lazy\" class=\"wp-image-3651 alignright\" src=\"http:\/\/www.corregidora.gob.mx\/portal\/wp-content\/uploads\/2015\/12\/Foto21.jpg\" alt=\"Foto2\" width=\"185\" height=\"278\" srcset=\"https:\/\/corregidora.gob.mx\/portal\/wp-content\/uploads\/2015\/12\/Foto21.jpg 500w, https:\/\/corregidora.gob.mx\/portal\/wp-content\/uploads\/2015\/12\/Foto21-200x300.jpg 200w\" sizes=\"(max-width: 185px) 100vw, 185px\" \/><\/p>\n<p class=\"p6\" style=\"text-align: justify;\">Lo anterior, gracias a la iniciativa de la Comisi\u00f3n de la Salud, presidida por la regidora Mireya Fern\u00e1ndez Acevedo, quien expres\u00f3 que \u201cesta campa\u00f1a nos regresa a lo que no debemos de perder nunca de vista: la solidaridad. Ay\u00fadenos a difundir la campa\u00f1a para que mucha m\u00e1s gente haga su donaci\u00f3n y poder ayudar as\u00ed a quienes m\u00e1s lo necesitan\u201d.<\/p>\n<p class=\"p6\" style=\"text-align: justify;\">Hasta el pr\u00f3ximo 31 de diciembre, en el Jard\u00edn Principal de El Pueblito, quienes gusten sumarse a la campa\u00f1a podr\u00e1n hacer su donaci\u00f3n y dejar su sweater, chamarra, chaleco, sudadera, bufanda o cualquier otra prenda que proteja del fr\u00edo, para que, quien lo necesite, pueda llevarla.<\/p>\n<p class=\"p6\" style=\"text-align: justify;\">A partir del 1 de enero de 2016, el perchero y el contenedor donde se cuelgan y colocan las prendas, se estar\u00e1n instalando en distintos espacios de Corregidora para llegar a m\u00e1s ciudadanos.<\/p>\n<p class=\"p6\" style=\"text-align: justify;\">\u201cHay que replicar las cosas buenas que pasan en el pa\u00eds y esta es una extraordinaria idea. En Corregidora estamos apostando por concientizar a los ciudadanos y con campa\u00f1as como la que hoy inicia, se logra una verdadera participaci\u00f3n a beneficio de los m\u00e1s vulnerables\u201d, asever\u00f3\u00a0el secretario de Desarrollo Social.<\/p>\n<p class=\"p6\" style=\"text-align: justify;\">\u201cQueremos que este sea un gobierno con una alta dosis de participaci\u00f3n ciudadana; ya debemos de empezar a quitarnos la idea de que quienes nos gobiernan nos lo tienen que dar todo, pues tenemos que comenzar a trabajar juntos para crecer y apoyarnos sociedad y gobierno\u201d, indic\u00f3\u00a0\u00a0Sosa Pichardo.<\/p>\n<p class=\"p6\" style=\"text-align: justify;\">Integraron tambi\u00e9n la l\u00ednea de honor: Alonso Valdovinos Torales, secretario de Gobierno y Juan Villalobos, beneficiario y vecino de El Pueblito.\u00a0<img loading=\"lazy\" class=\"alignleft  wp-image-3652\" src=\"http:\/\/www.corregidora.gob.mx\/portal\/wp-content\/uploads\/2015\/12\/Foto3.jpg\" alt=\"Foto3\" width=\"402\" height=\"268\" srcset=\"https:\/\/corregidora.gob.mx\/portal\/wp-content\/uploads\/2015\/12\/Foto3.jpg 800w, https:\/\/corregidora.gob.mx\/portal\/wp-content\/uploads\/2015\/12\/Foto3-300x200.jpg 300w\" sizes=\"(max-width: 402px) 100vw, 402px\" \/><\/p>\n","protected":false},"excerpt":{"rendered":"<p>En el Jard\u00edn Principal de El Pueblito, se puso en marcha la popular campa\u00f1a a beneficio de los m\u00e1s vulnerables.<\/p>\n","protected":false},"author":15,"featured_media":3650,"comment_status":"closed","ping_status":"open","sticky":false,"template":"","format":"standard","meta":[],"categories":[234],"tags":[],"_links":{"self":[{"href":"https:\/\/corregidora.gob.mx\/portal\/wp-json\/wp\/v2\/posts\/3649"}],"collection":[{"href":"https:\/\/corregidora.gob.mx\/portal\/wp-json\/wp\/v2\/posts"}],"about":[{"href":"https:\/\/corregidora.gob.mx\/portal\/wp-json\/wp\/v2\/types\/post"}],"author":[{"embeddable":true,"href":"https:\/\/corregidora.gob.mx\/portal\/wp-json\/wp\/v2\/users\/15"}],"replies":[{"embeddable":true,"href":"https:\/\/corregidora.gob.mx\/portal\/wp-json\/wp\/v2\/comments?post=3649"}],"version-history":[{"count":1,"href":"https:\/\/corregidora.gob.mx\/portal\/wp-json\/wp\/v2\/posts\/3649\/revisions"}],"predecessor-version":[{"id":3653,"href":"https:\/\/corregidora.gob.mx\/portal\/wp-json\/wp\/v2\/posts\/3649\/revisions\/3653"}],"wp:featuredmedia":[{"embeddable":true,"href":"https:\/\/corregidora.gob.mx\/portal\/wp-json\/wp\/v2\/media\/3650"}],"wp:attachment":[{"href":"https:\/\/corregidora.gob.mx\/portal\/wp-json\/wp\/v2\/media?parent=3649"}],"wp:term":[{"taxonomy":"category","embeddable":true,"href":"https:\/\/corregidora.gob.mx\/portal\/wp-json\/wp\/v2\/categories?post=3649"},{"taxonomy":"post_tag","embeddable":true,"href":"https:\/\/corregidora.gob.mx\/portal\/wp-json\/wp\/v2\/tags?post=3649"}],"curies":[{"name":"wp","href":"https:\/\/api.w.org\/{rel}","templated":true}]}}