{"id":3284,"date":"2015-11-10T17:04:25","date_gmt":"2015-11-10T23:04:25","guid":{"rendered":"http:\/\/www.corregidora.gob.mx\/portal\/?p=3284"},"modified":"2015-11-10T17:06:21","modified_gmt":"2015-11-10T23:06:21","slug":"necesario-incentivar-autosustentabilidad-de-la-ciudadania-mauricio-kuri","status":"publish","type":"post","link":"https:\/\/corregidora.gob.mx\/portal\/necesario-incentivar-autosustentabilidad-de-la-ciudadania-mauricio-kuri\/","title":{"rendered":"Necesario incentivar autosustentabilidad de la ciudadan\u00eda:  Mauricio Kuri"},"content":{"rendered":"<p class=\"p1\" style=\"text-align: justify;\">\u00b7 \u00a0\u00a0\u00a0\u00a0\u00a0Inversi\u00f3n sin precedentes en materia de desarrollo social y urbano\u00a0en pol\u00edgono de La Negreta<!--more--><\/p>\n<p class=\"p1\" style=\"text-align: justify;\">\u00b7 \u00a0\u00a0\u00a0\u00a0\u00a0Arranca programa \u201cH\u00e1bitat\u201d en Corregidora<\/p>\n<p style=\"text-align: justify;\">\u201cEs una responsabilidad para nosotros como gobierno, incentivarlos a que sean autosustentables, que se autoempleen, no hay etapa m\u00e1s dif\u00edcil en la vida que no tener trabajo, hoy en d\u00eda estamos proporcionando a ustedes la posibilidad de ser mejores, no se pongan techos, piensen en grande\u201d, acot\u00f3, Mauricio Kuri Gonz\u00e1lez, presidente municipal de Corregidora.<img loading=\"lazy\" class=\" wp-image-3286 alignright\" src=\"http:\/\/www.corregidora.gob.mx\/portal\/wp-content\/uploads\/2015\/11\/Foto24.jpg\" alt=\"Foto2\" width=\"210\" height=\"315\" srcset=\"https:\/\/corregidora.gob.mx\/portal\/wp-content\/uploads\/2015\/11\/Foto24.jpg 533w, https:\/\/corregidora.gob.mx\/portal\/wp-content\/uploads\/2015\/11\/Foto24-200x300.jpg 200w\" sizes=\"(max-width: 210px) 100vw, 210px\" \/><\/p>\n<p style=\"text-align: justify;\">Lo anterior durante el evento de arranque de cursos y talleres del programa \u201cH\u00e1bitat\u201d, focalizado en la colonia de La Negreta, este acto encabezado por el Alcalde y la subdelegada de la Secretaria de Desarrollo Agrario Territorial y Urbano, (SEDATU), Shantall Valdez Cabrera.<\/p>\n<p style=\"text-align: justify;\">Con una inversi\u00f3n de m\u00e1s de un mill\u00f3n de pesos, destinados para el desarrollo de 26 talleres y cursos, enfocados principalmente en la autosustentabilidad y autoempleo de los habitantes del pol\u00edgono de La Negreta, destacando, cocina mexicana, carpinter\u00eda, bisuter\u00eda, estilismo, globoflexia y maquillaje infantil, corte y confecci\u00f3n, reposter\u00eda, elaboraci\u00f3n de jabones y dulces tradicionales.<\/p>\n<p style=\"text-align: justify;\">En su oportunidad, la subdelegada de \u201cSEDATU\u201d, destac\u00f3 la importancia de sumarse al esfuerzo municipal que encabeza, Kuri Gonz\u00e1lez, quien ha realizado gestiones importantes con resultados inmediatos, prueba de ello el convenio de colaboraci\u00f3n recientemente firmado, con el cual ambas instituciones favorecer\u00e1n el impulso del desarrollo de la demarcaci\u00f3n.<\/p>\n<p style=\"text-align: justify;\">En materia de impulso al desarrollo urbano, se realizar\u00e1 la urbanizaci\u00f3n de cinco calles, con una inversi\u00f3n de siete millones, 319 pesos, siendo estas vialidades de suma importancia en la zona, ya que conectan a las principales arterias que llevan a la cabecera municipal, dicha aportaci\u00f3n realizada por el municipio y la federaci\u00f3n, aportando cerca de tres millones la actual administraci\u00f3n y m\u00e1s de 4 millones el gobierno de la rep\u00fablica, haciendo un gran total de ocho millones, 319 mil pesos entre obra p\u00fablica y desarrollo social.<\/p>\n<p style=\"text-align: justify;\">Como representante de la ciudadan\u00eda que participar\u00e1 en las actividades de este programa, la se\u00f1ora, Laura P\u00e9rez Cabrera, expres\u00f3 su gratitud a los funcionarios, quienes demuestran su compromiso con la ciudadan\u00eda, \u201cpara nosotros es m\u00e1s que un curso, para nosotros es contar con una oportunidad de poder tener una mejor vida\u201d, a\u00f1adi\u00f3.<\/p>\n<p style=\"text-align: justify;\">Finalmente, el Edil, subray\u00f3\u00a0 que estos cursos y obras, son solo el comienzo de una serie de apoyos que estar\u00e1 detonando en el municipio, de la mano de gobierno del estado y la federaci\u00f3n. \u201cNuestro trabajo es darles las facilidades \u00a0para que les vaya bien, con esfuerzo y trabajo se pueden lograr las cosas, est\u00e1n en el camino correcto, no tengan miedo al fracaso\u201d, concluy\u00f3, Mauricio Kuri.<\/p>\n<p style=\"text-align: justify;\"><img loading=\"lazy\" class=\"alignleft wp-image-3287\" src=\"http:\/\/www.corregidora.gob.mx\/portal\/wp-content\/uploads\/2015\/11\/Foto33.jpg\" alt=\"Foto3\" width=\"623\" height=\"351\" srcset=\"https:\/\/corregidora.gob.mx\/portal\/wp-content\/uploads\/2015\/11\/Foto33.jpg 800w, https:\/\/corregidora.gob.mx\/portal\/wp-content\/uploads\/2015\/11\/Foto33-300x169.jpg 300w\" sizes=\"(max-width: 623px) 100vw, 623px\" \/><\/p>\n<p style=\"text-align: justify;\">\n","protected":false},"excerpt":{"rendered":"<p>\u00b7 \u00a0\u00a0\u00a0\u00a0\u00a0Inversi\u00f3n sin precedentes en materia de desarrollo social y urbano\u00a0en pol\u00edgono de La Negreta<\/p>\n","protected":false},"author":15,"featured_media":3285,"comment_status":"closed","ping_status":"open","sticky":false,"template":"","format":"standard","meta":[],"categories":[234],"tags":[],"_links":{"self":[{"href":"https:\/\/corregidora.gob.mx\/portal\/wp-json\/wp\/v2\/posts\/3284"}],"collection":[{"href":"https:\/\/corregidora.gob.mx\/portal\/wp-json\/wp\/v2\/posts"}],"about":[{"href":"https:\/\/corregidora.gob.mx\/portal\/wp-json\/wp\/v2\/types\/post"}],"author":[{"embeddable":true,"href":"https:\/\/corregidora.gob.mx\/portal\/wp-json\/wp\/v2\/users\/15"}],"replies":[{"embeddable":true,"href":"https:\/\/corregidora.gob.mx\/portal\/wp-json\/wp\/v2\/comments?post=3284"}],"version-history":[{"count":2,"href":"https:\/\/corregidora.gob.mx\/portal\/wp-json\/wp\/v2\/posts\/3284\/revisions"}],"predecessor-version":[{"id":3289,"href":"https:\/\/corregidora.gob.mx\/portal\/wp-json\/wp\/v2\/posts\/3284\/revisions\/3289"}],"wp:featuredmedia":[{"embeddable":true,"href":"https:\/\/corregidora.gob.mx\/portal\/wp-json\/wp\/v2\/media\/3285"}],"wp:attachment":[{"href":"https:\/\/corregidora.gob.mx\/portal\/wp-json\/wp\/v2\/media?parent=3284"}],"wp:term":[{"taxonomy":"category","embeddable":true,"href":"https:\/\/corregidora.gob.mx\/portal\/wp-json\/wp\/v2\/categories?post=3284"},{"taxonomy":"post_tag","embeddable":true,"href":"https:\/\/corregidora.gob.mx\/portal\/wp-json\/wp\/v2\/tags?post=3284"}],"curies":[{"name":"wp","href":"https:\/\/api.w.org\/{rel}","templated":true}]}}