{"id":3251,"date":"2015-11-06T19:00:15","date_gmt":"2015-11-07T01:00:15","guid":{"rendered":"http:\/\/www.corregidora.gob.mx\/portal\/?p=3251"},"modified":"2015-11-06T19:01:04","modified_gmt":"2015-11-07T01:01:04","slug":"encabeza-car-herrera-de-kuri-el-arranque-de-la-campana-dif-corregidora-te-cobija","status":"publish","type":"post","link":"https:\/\/corregidora.gob.mx\/portal\/encabeza-car-herrera-de-kuri-el-arranque-de-la-campana-dif-corregidora-te-cobija\/","title":{"rendered":"Encabeza Car Herrera de Kuri el arranque de la campa\u00f1a &#8220;DIF Corregidora Te Cobija&#8221;"},"content":{"rendered":"<ul class=\"ul1\">\n<li class=\"li4\" style=\"text-align: justify;\">Se entregar\u00e1n alrededor de 10 mil cobijas.<\/li>\n<li class=\"li4\" style=\"text-align: justify;\">El apoyo llegar\u00e1 a las todas las comunidades del Municipio.<\/li>\n<\/ul>\n<p style=\"text-align: justify;\"><!--more--><\/p>\n<p class=\"p6\" style=\"text-align: justify;\">Car Herrera de Kuri, presidenta del DIF Municipal de Corregidora, encabez\u00f3 el arranque de la a campa\u00f1a de donaci\u00f3n &#8220;DIF Corregidora Te Cobija&#8221;.<\/p>\n<p class=\"p6\" style=\"text-align: justify;\"><img loading=\"lazy\" class=\"alignleft  wp-image-3254\" src=\"http:\/\/www.corregidora.gob.mx\/portal\/wp-content\/uploads\/2015\/11\/Foto32.jpg\" alt=\"Foto3\" width=\"220\" height=\"246\" srcset=\"https:\/\/corregidora.gob.mx\/portal\/wp-content\/uploads\/2015\/11\/Foto32.jpg 400w, https:\/\/corregidora.gob.mx\/portal\/wp-content\/uploads\/2015\/11\/Foto32-268x300.jpg 268w\" sizes=\"(max-width: 220px) 100vw, 220px\" \/>&#8220;Estoy muy contenta, muy emocionada, de ver la respuesta de tantas almas que se est\u00e1n sumando a esta generosa campa\u00f1a, muchas gracias a todos por su generosidad, s\u00e9 que con su voluntad vamos a superar la meta, que es ambiciosa, pero lo vamos a lograr &#8220;, expres\u00f3 la presidenta del DIF Municipal.<\/p>\n<p class=\"p6\" style=\"text-align: justify;\">\u00a0La campa\u00f1a dio inicio el d\u00eda de hoy y se recolectar\u00e1n las cobijas hasta el pr\u00f3ximo 4 de diciembre; el acopio, ser\u00e1 dentro del Centro de Atenci\u00f3n Municipal (CAM), con el objetivo de llegar a cada una de las comunidades de Corregidora y entregar\u00a0alrededor de 10 mil cobijas, a quienes m\u00e1s lo necesitan.<\/p>\n<p class=\"p6\" style=\"text-align: justify;\">\u201cNuestra meta son 10 mil cobijas, no vamos a dejar ninguna comunidad sin recibir el apoyo, vamos a llegar a todas. El acopio es por un mes y a finales de noviembre, vamos a empezar la entrega\u201d, indico Car Herrera.<\/p>\n<p class=\"p6\" style=\"text-align: justify;\">\u00a0Por su parte, el director del DIF Municipal de Corregidora, Juan Carlos Gardu\u00f1o Mancebo del Castillo, agradeci\u00f3 a los empresarios y ciudadanos por su donaci\u00f3n: \u201cestoy emocionado, veo muchas cobijas y estoy seguro que\u00a0 vamos a cumplir la meta. Tengan la certeza de que cada cobija que se est\u00e1 donando va a ser entregada a la gente m\u00e1s necesitada de nuestro Municipio\u201d.<\/p>\n<p class=\"p6\" style=\"text-align: justify;\">Acompa\u00f1aron a Car Herrera de Kuri en l\u00ednea de honor: Luis Vega Ricoy, Regidor S\u00edndico; Francisco Joss Larrondo, representante del Parque Industrial Balvanera; Rodrigo Ortega Ar\u00e1mbulo, representante del Parque Industrial Balvanera; Jorge Couti\u00f1o, gerente del \u00c1rea Operativa de Caja Popular Gonzalo Vega y Ayari Caretta Jasso, coordinadora acad\u00e9mica del Colegio Celta.<\/p>\n<p class=\"p6\" style=\"text-align: justify;\">Estuvieron tambi\u00e9n presentes durante el evento secretarios, regidores, voluntarios, servidores p\u00fablicos y decenas de ciudadanos, todos, aportando su donaci\u00f3n.\u00a0<img loading=\"lazy\" class=\"alignleft size-full wp-image-3253\" src=\"http:\/\/www.corregidora.gob.mx\/portal\/wp-content\/uploads\/2015\/11\/Foto22.jpg\" alt=\"Foto2\" width=\"900\" height=\"405\" srcset=\"https:\/\/corregidora.gob.mx\/portal\/wp-content\/uploads\/2015\/11\/Foto22.jpg 900w, https:\/\/corregidora.gob.mx\/portal\/wp-content\/uploads\/2015\/11\/Foto22-300x135.jpg 300w\" sizes=\"(max-width: 900px) 100vw, 900px\" \/><\/p>\n","protected":false},"excerpt":{"rendered":"<p>Se entregar\u00e1n alrededor de 10 mil cobijas. El apoyo llegar\u00e1 a las todas las comunidades del Municipio.<\/p>\n","protected":false},"author":15,"featured_media":3252,"comment_status":"closed","ping_status":"open","sticky":false,"template":"","format":"standard","meta":[],"categories":[234],"tags":[],"_links":{"self":[{"href":"https:\/\/corregidora.gob.mx\/portal\/wp-json\/wp\/v2\/posts\/3251"}],"collection":[{"href":"https:\/\/corregidora.gob.mx\/portal\/wp-json\/wp\/v2\/posts"}],"about":[{"href":"https:\/\/corregidora.gob.mx\/portal\/wp-json\/wp\/v2\/types\/post"}],"author":[{"embeddable":true,"href":"https:\/\/corregidora.gob.mx\/portal\/wp-json\/wp\/v2\/users\/15"}],"replies":[{"embeddable":true,"href":"https:\/\/corregidora.gob.mx\/portal\/wp-json\/wp\/v2\/comments?post=3251"}],"version-history":[{"count":1,"href":"https:\/\/corregidora.gob.mx\/portal\/wp-json\/wp\/v2\/posts\/3251\/revisions"}],"predecessor-version":[{"id":3255,"href":"https:\/\/corregidora.gob.mx\/portal\/wp-json\/wp\/v2\/posts\/3251\/revisions\/3255"}],"wp:featuredmedia":[{"embeddable":true,"href":"https:\/\/corregidora.gob.mx\/portal\/wp-json\/wp\/v2\/media\/3252"}],"wp:attachment":[{"href":"https:\/\/corregidora.gob.mx\/portal\/wp-json\/wp\/v2\/media?parent=3251"}],"wp:term":[{"taxonomy":"category","embeddable":true,"href":"https:\/\/corregidora.gob.mx\/portal\/wp-json\/wp\/v2\/categories?post=3251"},{"taxonomy":"post_tag","embeddable":true,"href":"https:\/\/corregidora.gob.mx\/portal\/wp-json\/wp\/v2\/tags?post=3251"}],"curies":[{"name":"wp","href":"https:\/\/api.w.org\/{rel}","templated":true}]}}