{"id":3244,"date":"2015-11-05T10:09:14","date_gmt":"2015-11-05T16:09:14","guid":{"rendered":"http:\/\/www.corregidora.gob.mx\/portal\/?p=3244"},"modified":"2015-11-05T10:09:48","modified_gmt":"2015-11-05T16:09:48","slug":"alianza-de-los-tres-ordenes-de-gobierno-para-dar-solucion-a-la-problematica-de-la-planta-sur","status":"publish","type":"post","link":"https:\/\/corregidora.gob.mx\/portal\/alianza-de-los-tres-ordenes-de-gobierno-para-dar-solucion-a-la-problematica-de-la-planta-sur\/","title":{"rendered":"Alianza de los tres \u00f3rdenes de gobierno para dar soluci\u00f3n a la problem\u00e1tica de la planta sur"},"content":{"rendered":"<ul class=\"ul1\">\n<li class=\"li3\" style=\"text-align: justify;\">Mauricio Kuri, responde a compromisos de campa\u00f1a.<\/li>\n<li class=\"li3\" style=\"text-align: justify;\">70 d\u00edas para primeros resultados en la planta sur ubicada en Corregidora.<\/li>\n<\/ul>\n<p style=\"text-align: justify;\"><!--more-->Atendiendo a uno de sus compromisos de campa\u00f1a, Mauricio Kuri Gonz\u00e1lez, presidente municipal de Corregidora, logr\u00f3 sumar al esfuerzo por mitigar los olores de la planta sur, ubicada en las inmediaciones de la colonia Emiliano Zapata, tanto a la Comisi\u00f3n Estatal de Aguas (CEA), como a la Comisi\u00f3n Nacional de Aguas (Conagua).<\/p>\n<p style=\"text-align: justify;\">Ser\u00e1 en un lapso no mayor a 70 d\u00edas, cuando comiencen a desaparecer los olores que expide la planta tratadora de aguas hasta en un 75%, el procedimiento para este resultado, radica en verter bacterias org\u00e1nicas que consumen los qu\u00edmicos que generan los malos olores.<\/p>\n<p class=\"p5\" style=\"text-align: justify;\">Cabe se\u00f1alar que esta es la primera fase para lograr mitigar esta problem\u00e1tica, ya que derivado de su resultado, se prev\u00e9 generar nuevos filtros para erradicar el olor por completo. Este es un producto 100 por ciento ecol\u00f3gico, probado con \u00e9xito en distintas partes del mundo y en casos similares en el pa\u00eds.<\/p>\n<p class=\"p5\" style=\"text-align: justify;\">As\u00ed se dio a conocer durante la segunda reuni\u00f3n con vecinos y representantes de colonias y fraccionamientos aleda\u00f1os a la planta sur como Casa Magna, Cruz de Fuego, Puerta Real, Terranova y San Jer\u00f3nimo.<\/p>\n<p class=\"p5\" style=\"text-align: justify;\">\u201cLa manera en que todos ustedes, los ciudadanos, nos pueden ayudar, es d\u00e1ndonos su voto confianza. Yo me comprometo a no dejar este tema y les pido que estas pl\u00e1ticas que hemos tenido en las reuniones, las compartan con los vecinos\u201d, expres\u00f3 Kuri Gonz\u00e1lez.<\/p>\n<p class=\"p5\" style=\"text-align: justify;\">Poco m\u00e1s de 800 mil pesos, ser\u00e1 el monto que se destine en la primera inversi\u00f3n, misma que ser\u00e1 realizada entre los tres niveles de gobierno.<\/p>\n<p class=\"p5\" style=\"text-align: justify;\">Para cumplir con el perfil que marca la normativa en cuesti\u00f3n del tratamiento de aguas residuales, este proces\u00f3 estar\u00e1 monitoreado en todo momento por los laboratorios de la propia CEA e inclusive un servicio externo, ambos medir\u00e1n la demanda qu\u00edmica y biol\u00f3gica del ox\u00edgeno, grasas, aceites y \u00e1cido sulfh\u00eddrico, midiendo as\u00ed la respuesta y viabilidad del proyecto.<\/p>\n<p class=\"p5\" style=\"text-align: justify;\">\u201cLes pido much<img loading=\"lazy\" class=\"alignleft  wp-image-3246\" src=\"http:\/\/www.corregidora.gob.mx\/portal\/wp-content\/uploads\/2015\/11\/foto2.jpg\" alt=\"foto2\" width=\"365\" height=\"233\" srcset=\"https:\/\/corregidora.gob.mx\/portal\/wp-content\/uploads\/2015\/11\/foto2.jpg 800w, https:\/\/corregidora.gob.mx\/portal\/wp-content\/uploads\/2015\/11\/foto2-300x191.jpg 300w\" sizes=\"(max-width: 365px) 100vw, 365px\" \/>a paciencia, tal vez antes no existieron los proyectos que se necesitaban, pero recursos s\u00ed hay y lo m\u00e1s importante es que ya tenemos un proyecto que presentar a la Conagua para poder bajar los recursos\u201d, asegur\u00f3 el Presidente municipal.<\/p>\n<p class=\"p5\" style=\"text-align: justify;\">Al finalizar el encuentro, se acord\u00f3 una tercera reuni\u00f3n el pr\u00f3ximo mes diciembre para dar a conocer los avances del proyecto y los resultados que arroj\u00f3 el diagn\u00f3stico que se realizar\u00e1 a la planta sur. Asimismo, se pact\u00f3 firmar los compromisos a los que se llegue luego de cada encuentro entre autoridades y vecinos.<\/p>\n<p class=\"p5\" style=\"text-align: justify;\">Estuvieron tambi\u00e9n presentes durante la reuni\u00f3n: Jorge Lobo Crenier, delegado de la Conagua en Quer\u00e9taro; Enrique Abedrop Rodr\u00edguez, vocal ejecutivo de la CEA; Alonso Valdovinos Torales, Secretario de Gobierno del municipio de Corregidora y expertos en el tema de las plantas de aguas residuales.<\/p>\n","protected":false},"excerpt":{"rendered":"<p>Mauricio Kuri, responde a compromisos de campa\u00f1a. 70 d\u00edas para primeros resultados en la planta sur ubicada en Corregidora.<\/p>\n","protected":false},"author":15,"featured_media":3245,"comment_status":"closed","ping_status":"open","sticky":false,"template":"","format":"standard","meta":[],"categories":[234],"tags":[],"_links":{"self":[{"href":"https:\/\/corregidora.gob.mx\/portal\/wp-json\/wp\/v2\/posts\/3244"}],"collection":[{"href":"https:\/\/corregidora.gob.mx\/portal\/wp-json\/wp\/v2\/posts"}],"about":[{"href":"https:\/\/corregidora.gob.mx\/portal\/wp-json\/wp\/v2\/types\/post"}],"author":[{"embeddable":true,"href":"https:\/\/corregidora.gob.mx\/portal\/wp-json\/wp\/v2\/users\/15"}],"replies":[{"embeddable":true,"href":"https:\/\/corregidora.gob.mx\/portal\/wp-json\/wp\/v2\/comments?post=3244"}],"version-history":[{"count":1,"href":"https:\/\/corregidora.gob.mx\/portal\/wp-json\/wp\/v2\/posts\/3244\/revisions"}],"predecessor-version":[{"id":3247,"href":"https:\/\/corregidora.gob.mx\/portal\/wp-json\/wp\/v2\/posts\/3244\/revisions\/3247"}],"wp:featuredmedia":[{"embeddable":true,"href":"https:\/\/corregidora.gob.mx\/portal\/wp-json\/wp\/v2\/media\/3245"}],"wp:attachment":[{"href":"https:\/\/corregidora.gob.mx\/portal\/wp-json\/wp\/v2\/media?parent=3244"}],"wp:term":[{"taxonomy":"category","embeddable":true,"href":"https:\/\/corregidora.gob.mx\/portal\/wp-json\/wp\/v2\/categories?post=3244"},{"taxonomy":"post_tag","embeddable":true,"href":"https:\/\/corregidora.gob.mx\/portal\/wp-json\/wp\/v2\/tags?post=3244"}],"curies":[{"name":"wp","href":"https:\/\/api.w.org\/{rel}","templated":true}]}}