{"id":3238,"date":"2015-11-03T21:10:19","date_gmt":"2015-11-04T03:10:19","guid":{"rendered":"http:\/\/www.corregidora.gob.mx\/portal\/?p=3238"},"modified":"2015-11-03T21:11:01","modified_gmt":"2015-11-04T03:11:01","slug":"asiste-car-herrera-de-kuri-a-la-muestra-gastronomica-2015-en-la-comunidad-de-bravo","status":"publish","type":"post","link":"https:\/\/corregidora.gob.mx\/portal\/asiste-car-herrera-de-kuri-a-la-muestra-gastronomica-2015-en-la-comunidad-de-bravo\/","title":{"rendered":"Asiste Car Herrera de Kuri a la Muestra Gastron\u00f3mica 2015 en la comunidad de Bravo"},"content":{"rendered":"<p class=\"p1\">\n<ul class=\"ul1\">\n<li class=\"li3\"><i>Representar\u00e1n a Corregidora en el Concurso Estatal.\u00a0<\/i><\/li>\n<li class=\"li3\"><i>Con comida t\u00edpica de la comunidad \u00a0deleitar\u00e1n a los queretanos.\u00a0<\/i><\/li>\n<\/ul>\n<p><!--more-->Car Herrera de Kuri, presidenta del DIF Municipal de Corregidora, asisti\u00f3 a la Muestra Gastron\u00f3mica 2015 a cargo del Comit\u00e9 del Comedor de la Secundaria T\u00e9cnica No. 30 &#8220;Jos\u00e9 Guadalupe Vel\u00e1zquez&#8221; y la primaria &#8220;16 de Septiembre&#8221;, ambas escuelas ubicadas en la comunidad de Bravo.\u00a0<img loading=\"lazy\" class=\"alignleft  wp-image-3240\" src=\"http:\/\/www.corregidora.gob.mx\/portal\/wp-content\/uploads\/2015\/11\/Foto21.jpg\" alt=\"Foto2\" width=\"332\" height=\"227\" srcset=\"https:\/\/corregidora.gob.mx\/portal\/wp-content\/uploads\/2015\/11\/Foto21.jpg 800w, https:\/\/corregidora.gob.mx\/portal\/wp-content\/uploads\/2015\/11\/Foto21-300x205.jpg 300w\" sizes=\"(max-width: 332px) 100vw, 332px\" \/><\/p>\n<p>&#8220;Hoy, en el municipio de Corregidora, realizamos acciones en apoyo al mejoramiento de nuestros ni\u00f1os, ni\u00f1as y j\u00f3venes, muestra de ello, son los 43 comedores en 34 escuelas de nivel b\u00e1sico&#8221;, expres\u00f3 Car Herrera de Kuri.<\/p>\n<p class=\"p5\">Luego de participar en el concurso a nivel local, las dos instituciones educativas resultaron ganadoras y representar\u00e1n a Corregidora en el Concurso Estatal, donde deleitar\u00e1n con los platillos m\u00e1s populares de la comunidad de Bravo y sus alrededores.<\/p>\n<p class=\"p5\">\u00a0Programas Alimentarios de Corregidora, present\u00f3 tambi\u00e9n una muestra con la comida m\u00e1s representativa de El Pueblito, as\u00ed como un \u201cPlatillo Saludable\u201d, desayuno que se les sirve a las ni\u00f1as y los ni\u00f1os en las diferentes comunidades y comedores del Municipio, con base en la regla del Programa Federal &#8220;Desayunos Saludables&#8221;.\u00a0<img loading=\"lazy\" class=\"wp-image-3241 alignright\" src=\"http:\/\/www.corregidora.gob.mx\/portal\/wp-content\/uploads\/2015\/11\/Foto31.jpg\" alt=\"Foto3\" width=\"329\" height=\"311\" srcset=\"https:\/\/corregidora.gob.mx\/portal\/wp-content\/uploads\/2015\/11\/Foto31.jpg 500w, https:\/\/corregidora.gob.mx\/portal\/wp-content\/uploads\/2015\/11\/Foto31-300x284.jpg 300w\" sizes=\"(max-width: 329px) 100vw, 329px\" \/><\/p>\n<p class=\"p5\">&#8220;Quiero pedirles a todos ustedes que sigamos con este entusiasmo y dedicaci\u00f3n a favor de nuestros ni\u00f1os y j\u00f3venes. Felicidades y mucho \u00e9xito en el concurso estatal&#8221;, finaliz\u00f3 la presidenta del DIF Municipal de Corregidora.<\/p>\n<p class=\"p5\">La acompa\u00f1aron en la l\u00ednea de honor: Juan Carlos Gardu\u00f1o Mancebo del Castillo, director del DIF Municipal de Corregidora; H\u00e9ctor Gonz\u00e1lez Orozco, director de la primaria &#8220;16 de Septiembre&#8221; y la se\u00f1ora, Evelia Mart\u00ednez Salinas, representante del Comit\u00e9 de Comedores.<\/p>\n","protected":false},"excerpt":{"rendered":"<p>Representar\u00e1n a Corregidora en el Concurso Estatal.\u00a0 Con comida t\u00edpica de la comunidad \u00a0deleitar\u00e1n a los queretanos.\u00a0<\/p>\n","protected":false},"author":15,"featured_media":3239,"comment_status":"closed","ping_status":"open","sticky":false,"template":"","format":"standard","meta":[],"categories":[234],"tags":[],"_links":{"self":[{"href":"https:\/\/corregidora.gob.mx\/portal\/wp-json\/wp\/v2\/posts\/3238"}],"collection":[{"href":"https:\/\/corregidora.gob.mx\/portal\/wp-json\/wp\/v2\/posts"}],"about":[{"href":"https:\/\/corregidora.gob.mx\/portal\/wp-json\/wp\/v2\/types\/post"}],"author":[{"embeddable":true,"href":"https:\/\/corregidora.gob.mx\/portal\/wp-json\/wp\/v2\/users\/15"}],"replies":[{"embeddable":true,"href":"https:\/\/corregidora.gob.mx\/portal\/wp-json\/wp\/v2\/comments?post=3238"}],"version-history":[{"count":1,"href":"https:\/\/corregidora.gob.mx\/portal\/wp-json\/wp\/v2\/posts\/3238\/revisions"}],"predecessor-version":[{"id":3242,"href":"https:\/\/corregidora.gob.mx\/portal\/wp-json\/wp\/v2\/posts\/3238\/revisions\/3242"}],"wp:featuredmedia":[{"embeddable":true,"href":"https:\/\/corregidora.gob.mx\/portal\/wp-json\/wp\/v2\/media\/3239"}],"wp:attachment":[{"href":"https:\/\/corregidora.gob.mx\/portal\/wp-json\/wp\/v2\/media?parent=3238"}],"wp:term":[{"taxonomy":"category","embeddable":true,"href":"https:\/\/corregidora.gob.mx\/portal\/wp-json\/wp\/v2\/categories?post=3238"},{"taxonomy":"post_tag","embeddable":true,"href":"https:\/\/corregidora.gob.mx\/portal\/wp-json\/wp\/v2\/tags?post=3238"}],"curies":[{"name":"wp","href":"https:\/\/api.w.org\/{rel}","templated":true}]}}