{"id":3230,"date":"2015-11-03T09:13:21","date_gmt":"2015-11-03T15:13:21","guid":{"rendered":"http:\/\/www.corregidora.gob.mx\/portal\/?p=3230"},"modified":"2015-11-03T09:14:32","modified_gmt":"2015-11-03T15:14:32","slug":"saldo-blanco-en-corregidora-por-celebracion-del-dia-de-muertos","status":"publish","type":"post","link":"https:\/\/corregidora.gob.mx\/portal\/saldo-blanco-en-corregidora-por-celebracion-del-dia-de-muertos\/","title":{"rendered":"Saldo blanco en Corregidora por celebraci\u00f3n del D\u00eda de Muertos"},"content":{"rendered":"<p class=\"p1\"><span class=\"s1\">\u00b7<\/span><span class=\"s2\">\u00a0\u00a0\u00a0\u00a0\u00a0 <\/span><i>20 mil visitantes en panteones municipales.<\/i><\/p>\n<p class=\"p1\"><span class=\"s1\">\u00b7<\/span><span class=\"s2\">\u00a0\u00a0\u00a0\u00a0\u00a0 <\/span><i>Saldo blanco gracias al trabajo de los cuerpos de emergencia y seguridad de Corregidora.<\/i><b>\u00a0<\/b><!--more--><\/p>\n<p class=\"p1\">Saldo blanco y una gran afluencia de visitantes en los panteones de Corregidora, esto con motivo de la celebraci\u00f3n del d\u00eda de muertos.\u00a0 En la demarcaci\u00f3n mas de 20 mil visitantes se congregaron entre los d\u00edas uno y dos de noviembre en el camposanto de la delegaci\u00f3n de Santa B\u00e1rbara y la comunidad de Pita.<\/p>\n<p class=\"p1\">Los asistentes a esta celebraci\u00f3n, estuvieron en todo momento resguardados por 60 oficiales de la Secretaria de Seguridad P\u00fablica y Tr\u00e1nsito, (SSPyTM) y 24 elementos de la Direcci\u00f3n de Protecci\u00f3n Civil Municipal, repartidos en<img loading=\"lazy\" class=\"alignleft  wp-image-3232\" src=\"http:\/\/www.corregidora.gob.mx\/portal\/wp-content\/uploads\/2015\/11\/Foto2.jpg\" alt=\"Foto2\" width=\"352\" height=\"499\" srcset=\"https:\/\/corregidora.gob.mx\/portal\/wp-content\/uploads\/2015\/11\/Foto2.jpg 600w, https:\/\/corregidora.gob.mx\/portal\/wp-content\/uploads\/2015\/11\/Foto2-212x300.jpg 212w\" sizes=\"(max-width: 352px) 100vw, 352px\" \/> los dos panteones.<\/p>\n<p class=\"p1\">\u00a0En su oportunidad, Juan Luis Rodr\u00edguez Aboytes, secretario de seguridad p\u00fablica y tr\u00e1nsito, inform\u00f3 que en lo que concierne a su rubro y relacionado con esta celebraci\u00f3n, no se tuvo ning\u00fan acto de considerar o que entorpeciera el funcionamiento de ambos camposantos, ya que se cont\u00f3 con el personal y las unidades necesarias para resguardar el orden.<\/p>\n<p class=\"p1\">\u00a0As\u00ed mismo, el Director de la Unidad Municipal de Protecci\u00f3n Civil, Carlos Rodr\u00edguez Di Bella, se\u00f1al\u00f3 que se atendi\u00f3 \u00fanicamente un caso por golpe de calor en una menor, esto derivado de las altas temperaturas y la falta de hidrataci\u00f3n, por lo que de inmediato procedieron a trasladarla al Hospital del Seguro Social para su consideraci\u00f3n.<\/p>\n<p class=\"p1\">\u00a0Para el cierre de estos festejos, el Secretario de Servicios P\u00fablicos Municipales, Carlos Herrer\u00edas Tello de Meneses, dio a conocer que entre los dos d\u00edas se recolect\u00f3 la cantidad de 20 toneladas de desechos, las cuales se suman a las 120 generadas d\u00eda a d\u00eda en el municipio.<\/p>\n<p class=\"p1\">\u00a0A su vez, Mauricio Kuri, presidente municipal de Corregidora, acompa\u00f1ado por gran parte de su equipo de trabajo, realiz\u00f3 un recorrido por ambos panteones, esto con la finalidad de corroborar el buen funcionamiento de ambos y la atenci\u00f3n brindada por los funcionarios a los ciudadanos.<\/p>\n","protected":false},"excerpt":{"rendered":"<p>\u00b7\u00a0\u00a0\u00a0\u00a0\u00a0 20 mil visitantes en panteones municipales. \u00b7\u00a0\u00a0\u00a0\u00a0\u00a0 Saldo blanco gracias al trabajo de los cuerpos de emergencia y seguridad de Corregidora.\u00a0<\/p>\n","protected":false},"author":15,"featured_media":3231,"comment_status":"closed","ping_status":"open","sticky":false,"template":"","format":"standard","meta":[],"categories":[234],"tags":[],"_links":{"self":[{"href":"https:\/\/corregidora.gob.mx\/portal\/wp-json\/wp\/v2\/posts\/3230"}],"collection":[{"href":"https:\/\/corregidora.gob.mx\/portal\/wp-json\/wp\/v2\/posts"}],"about":[{"href":"https:\/\/corregidora.gob.mx\/portal\/wp-json\/wp\/v2\/types\/post"}],"author":[{"embeddable":true,"href":"https:\/\/corregidora.gob.mx\/portal\/wp-json\/wp\/v2\/users\/15"}],"replies":[{"embeddable":true,"href":"https:\/\/corregidora.gob.mx\/portal\/wp-json\/wp\/v2\/comments?post=3230"}],"version-history":[{"count":1,"href":"https:\/\/corregidora.gob.mx\/portal\/wp-json\/wp\/v2\/posts\/3230\/revisions"}],"predecessor-version":[{"id":3234,"href":"https:\/\/corregidora.gob.mx\/portal\/wp-json\/wp\/v2\/posts\/3230\/revisions\/3234"}],"wp:featuredmedia":[{"embeddable":true,"href":"https:\/\/corregidora.gob.mx\/portal\/wp-json\/wp\/v2\/media\/3231"}],"wp:attachment":[{"href":"https:\/\/corregidora.gob.mx\/portal\/wp-json\/wp\/v2\/media?parent=3230"}],"wp:term":[{"taxonomy":"category","embeddable":true,"href":"https:\/\/corregidora.gob.mx\/portal\/wp-json\/wp\/v2\/categories?post=3230"},{"taxonomy":"post_tag","embeddable":true,"href":"https:\/\/corregidora.gob.mx\/portal\/wp-json\/wp\/v2\/tags?post=3230"}],"curies":[{"name":"wp","href":"https:\/\/api.w.org\/{rel}","templated":true}]}}