{"id":3212,"date":"2015-10-30T12:58:10","date_gmt":"2015-10-30T18:58:10","guid":{"rendered":"http:\/\/www.corregidora.gob.mx\/portal\/?p=3212"},"modified":"2015-10-30T12:58:57","modified_gmt":"2015-10-30T18:58:57","slug":"inauguran-en-corregidora-tradicional-altar-de-muertos-dedicado-a-dona-josefa-ortiz-de-dominguez","status":"publish","type":"post","link":"https:\/\/corregidora.gob.mx\/portal\/inauguran-en-corregidora-tradicional-altar-de-muertos-dedicado-a-dona-josefa-ortiz-de-dominguez\/","title":{"rendered":"Inauguran en Corregidora tradicional Altar de Muertos dedicado a Do\u00f1a Josefa Ortiz de Dom\u00ednguez"},"content":{"rendered":"<ul class=\"ul1\">\n<li class=\"li4\"><i>Continuar\u00e1n impulsando las tradiciones, festejos y costumbres m\u00e1s arraigadas de la demarcaci\u00f3n.<\/i><\/li>\n<li class=\"li4\"><i>El tradicional altar mide 20 metros de largo y se utilizaron 800 docenas de flores.<\/i><\/li>\n<\/ul>\n<p><!--more--><\/p>\n<p class=\"p5\"><i>\u00a0<\/i>En representaci\u00f3n de Mauricio Kuri Gonz\u00e1lez, presidente municipal de Corregidora, Rogelio Vega V\u00e1zquez Mellado, Jefe de Gabinete, encabez\u00f3 la inauguraci\u00f3n del tradicional Altar de Muertos en el jard\u00edn principal de El Pueblito.<\/p>\n<p class=\"p5\">\u201cCorregidora se caracteriza por sus tradiciones, festejos y costumbres. Esta administraci\u00f3n, est\u00e1 comprometida a seguirlas impulsando para que el Municipio nunca pierda su identidad\u201d, asever\u00f3 Vega V\u00e1zquez Mellado.<img loading=\"lazy\" class=\"alignleft  wp-image-3215\" src=\"http:\/\/www.corregidora.gob.mx\/portal\/wp-content\/uploads\/2015\/10\/Foto35.jpg\" alt=\"Foto3\" width=\"426\" height=\"284\" srcset=\"https:\/\/corregidora.gob.mx\/portal\/wp-content\/uploads\/2015\/10\/Foto35.jpg 600w, https:\/\/corregidora.gob.mx\/portal\/wp-content\/uploads\/2015\/10\/Foto35-300x200.jpg 300w, https:\/\/corregidora.gob.mx\/portal\/wp-content\/uploads\/2015\/10\/Foto35-20x13.jpg 20w\" sizes=\"(max-width: 426px) 100vw, 426px\" \/><\/p>\n<p class=\"p5\">El monumental Altar de Muertos otom\u00ed, dedicado a Do\u00f1a Josefa Ortiz de Dom\u00ednguez, bajo la protecci\u00f3n de la virgen de El Pueblito, mide 20 metros de largo y 10 de ancho. Fue decorado con elementos similares a la distintiva vestimenta que caracteriz\u00f3 a la Corregidora, 800 docenas de flores, calaveras de dulce, papel picado, unas 500 veladoras y otras populares ornamentas.<\/p>\n<p class=\"p5\">\u201cCon este altar, rendimos homenaje a una mujer valiente, a una de las protagonistas de la lucha de independencia de nuestro pa\u00eds. Es un honor que nuestro Municipio lleve el nombre de Corregidora, t\u00edtulo de Do\u00f1a Josefa Ortiz de Dom\u00ednguez, Madre de la Patria\u201d, expres\u00f3 el Jefe de Gabinete.<\/p>\n<p class=\"p5\">\u00a0El altar est\u00e1 compuesto por siete escalones, forrados en tela negra, que representan los siete pecados capitales. A los costados, se coloc\u00f3 un camino de diferentes semillas, granos, flores y arena, alumbrado por veladoras; al \u00a0pie del este, un tapete elaborado con granos, semillas y tierra. Entre algunas de sus caracter\u00edsticas, desatacan las flores, el colorido, el busto de Do\u00f1a Josefa Ortiz de Dom\u00ednguez al centro, la corona de la Virgen de El Pueblito en lo alto, una Catrina del lado derecho, los santos ubicados en el primer escal\u00f3n y el segundo, un espejo y agua bendita para purificar el alma del difunto.<\/p>\n<p class=\"p5\">En el tercer escal\u00f3n, se coloc\u00f3 sal a favor de los ni\u00f1os que estuvieron en el limbo; en el cuarto escal\u00f3n, pan de muerto y vino. Un escal\u00f3n m\u00e1s arriba, se colocaron alimentos; en el sexto, la fotograf\u00eda del hist\u00f3rico personaje. Finalmente, en el s\u00e9ptimo escal\u00f3n, se ubic\u00f3 un rosario elaborado con limas y tejocotes.<img loading=\"lazy\" class=\" wp-image-3214 alignright\" src=\"http:\/\/www.corregidora.gob.mx\/portal\/wp-content\/uploads\/2015\/10\/Foto212.jpg\" alt=\"Foto2\" width=\"465\" height=\"310\" srcset=\"https:\/\/corregidora.gob.mx\/portal\/wp-content\/uploads\/2015\/10\/Foto212.jpg 600w, https:\/\/corregidora.gob.mx\/portal\/wp-content\/uploads\/2015\/10\/Foto212-300x200.jpg 300w, https:\/\/corregidora.gob.mx\/portal\/wp-content\/uploads\/2015\/10\/Foto212-20x13.jpg 20w\" sizes=\"(max-width: 465px) 100vw, 465px\" \/><\/p>\n<p class=\"p5\">\u00a0\u201cAs\u00ed como esta, impulsaremos y daremos difusi\u00f3n a las celebraciones m\u00e1s arraigadas de nuestro Municipio, de sus comunidades y delegaciones. Trabajaremos para detonar y dar a conocer los lugares m\u00e1s representativos de esta bella demarcaci\u00f3n\u201d.<\/p>\n<p class=\"p5\">\u00a0Acompa\u00f1aron en la l\u00ednea de honor a Rogelio Vega: Patricia Eugenia Narv\u00e1ez Delgadillo, Regidora de la Comisi\u00f3n de Econom\u00eda y Turismo; Daniel Lira Bola\u00f1os, Secretario de Desarrollo Sustentable y V\u00edctor Covarrubias Gonz\u00e1lez, Director de Turismo.<\/p>\n","protected":false},"excerpt":{"rendered":"<p>Continuar\u00e1n impulsando las tradiciones, festejos y costumbres m\u00e1s arraigadas de la demarcaci\u00f3n. El tradicional altar mide 20 metros de largo y se utilizaron 800 docenas de flores.<\/p>\n","protected":false},"author":15,"featured_media":3213,"comment_status":"closed","ping_status":"open","sticky":false,"template":"","format":"standard","meta":[],"categories":[234],"tags":[],"_links":{"self":[{"href":"https:\/\/corregidora.gob.mx\/portal\/wp-json\/wp\/v2\/posts\/3212"}],"collection":[{"href":"https:\/\/corregidora.gob.mx\/portal\/wp-json\/wp\/v2\/posts"}],"about":[{"href":"https:\/\/corregidora.gob.mx\/portal\/wp-json\/wp\/v2\/types\/post"}],"author":[{"embeddable":true,"href":"https:\/\/corregidora.gob.mx\/portal\/wp-json\/wp\/v2\/users\/15"}],"replies":[{"embeddable":true,"href":"https:\/\/corregidora.gob.mx\/portal\/wp-json\/wp\/v2\/comments?post=3212"}],"version-history":[{"count":1,"href":"https:\/\/corregidora.gob.mx\/portal\/wp-json\/wp\/v2\/posts\/3212\/revisions"}],"predecessor-version":[{"id":3216,"href":"https:\/\/corregidora.gob.mx\/portal\/wp-json\/wp\/v2\/posts\/3212\/revisions\/3216"}],"wp:featuredmedia":[{"embeddable":true,"href":"https:\/\/corregidora.gob.mx\/portal\/wp-json\/wp\/v2\/media\/3213"}],"wp:attachment":[{"href":"https:\/\/corregidora.gob.mx\/portal\/wp-json\/wp\/v2\/media?parent=3212"}],"wp:term":[{"taxonomy":"category","embeddable":true,"href":"https:\/\/corregidora.gob.mx\/portal\/wp-json\/wp\/v2\/categories?post=3212"},{"taxonomy":"post_tag","embeddable":true,"href":"https:\/\/corregidora.gob.mx\/portal\/wp-json\/wp\/v2\/tags?post=3212"}],"curies":[{"name":"wp","href":"https:\/\/api.w.org\/{rel}","templated":true}]}}