{"id":2493,"date":"2015-10-02T16:50:05","date_gmt":"2015-10-02T21:50:05","guid":{"rendered":"http:\/\/www.corregidora.gob.mx\/portal\/?p=2493"},"modified":"2015-10-02T16:50:39","modified_gmt":"2015-10-02T21:50:39","slug":"arranca-la-campana-de-manifestacion-anual-de-bienes-2015","status":"publish","type":"post","link":"https:\/\/corregidora.gob.mx\/portal\/arranca-la-campana-de-manifestacion-anual-de-bienes-2015\/","title":{"rendered":"Arranca  la campa\u00f1a de Manifestaci\u00f3n Anual de Bienes 2015"},"content":{"rendered":"<p>\u201cLa honestidad comienza en casa\u201d, asever\u00f3 Mauricio Kuri Gonz\u00e1lez, presidente municipal de Corregidora, al <!--more--><img loading=\"lazy\" class=\"alignleft  wp-image-2494\" src=\"http:\/\/www.corregidora.gob.mx\/portal\/wp-content\/uploads\/2015\/10\/cartel-1024x797.jpg\" alt=\"cartel\" width=\"350\" height=\"272\" srcset=\"https:\/\/corregidora.gob.mx\/portal\/wp-content\/uploads\/2015\/10\/cartel-1024x797.jpg 1024w, https:\/\/corregidora.gob.mx\/portal\/wp-content\/uploads\/2015\/10\/cartel-300x234.jpg 300w, https:\/\/corregidora.gob.mx\/portal\/wp-content\/uploads\/2015\/10\/cartel.jpg 1200w\" sizes=\"(max-width: 350px) 100vw, 350px\" \/>dar inicio a la campa\u00f1a de Manifestaci\u00f3n Anual de Bienes 2015, con la colocaci\u00f3n del primer cartel informativo para los servidores p\u00fablicos.<\/p>\n<p>En distintos espacios del Centro de Atenci\u00f3n Municipal (CAM), as\u00ed como en los diferentes edificios que alojan dependencias municipales, se estar\u00e1n instalando los carteles que exhortan a los servidores p\u00fablicos a cumplir, durante el mes de octubre, con la obligaci\u00f3n de la presentaci\u00f3n de la Manifestaci\u00f3n Anual de Bienes.<\/p>\n<p>Lo anterior, conforme al numeral 50 y 51 de la Ley de Responsabilidad de Servidores P\u00fablicos del Estado de Quer\u00e9taro.<\/p>\n<p>Ser\u00e1 la Contralor\u00eda Municipal de Corregidora, la encargada de dar seguimiento puntual al cumplimiento de la presentaci\u00f3n de bienes por parte de los trabajadores de la demarcaci\u00f3n.<\/p>\n","protected":false},"excerpt":{"rendered":"<p>\u201cLa honestidad comienza en casa\u201d, asever\u00f3 Mauricio Kuri Gonz\u00e1lez, presidente municipal de Corregidora, al<\/p>\n","protected":false},"author":15,"featured_media":2494,"comment_status":"closed","ping_status":"open","sticky":false,"template":"","format":"standard","meta":[],"categories":[234],"tags":[],"_links":{"self":[{"href":"https:\/\/corregidora.gob.mx\/portal\/wp-json\/wp\/v2\/posts\/2493"}],"collection":[{"href":"https:\/\/corregidora.gob.mx\/portal\/wp-json\/wp\/v2\/posts"}],"about":[{"href":"https:\/\/corregidora.gob.mx\/portal\/wp-json\/wp\/v2\/types\/post"}],"author":[{"embeddable":true,"href":"https:\/\/corregidora.gob.mx\/portal\/wp-json\/wp\/v2\/users\/15"}],"replies":[{"embeddable":true,"href":"https:\/\/corregidora.gob.mx\/portal\/wp-json\/wp\/v2\/comments?post=2493"}],"version-history":[{"count":1,"href":"https:\/\/corregidora.gob.mx\/portal\/wp-json\/wp\/v2\/posts\/2493\/revisions"}],"predecessor-version":[{"id":2495,"href":"https:\/\/corregidora.gob.mx\/portal\/wp-json\/wp\/v2\/posts\/2493\/revisions\/2495"}],"wp:featuredmedia":[{"embeddable":true,"href":"https:\/\/corregidora.gob.mx\/portal\/wp-json\/wp\/v2\/media\/2494"}],"wp:attachment":[{"href":"https:\/\/corregidora.gob.mx\/portal\/wp-json\/wp\/v2\/media?parent=2493"}],"wp:term":[{"taxonomy":"category","embeddable":true,"href":"https:\/\/corregidora.gob.mx\/portal\/wp-json\/wp\/v2\/categories?post=2493"},{"taxonomy":"post_tag","embeddable":true,"href":"https:\/\/corregidora.gob.mx\/portal\/wp-json\/wp\/v2\/tags?post=2493"}],"curies":[{"name":"wp","href":"https:\/\/api.w.org\/{rel}","templated":true}]}}