{"id":12971,"date":"2019-09-09T12:02:19","date_gmt":"2019-09-09T17:02:19","guid":{"rendered":"http:\/\/www.corregidora.gob.mx\/portal\/?p=12971"},"modified":"2023-09-29T04:46:25","modified_gmt":"2023-09-29T10:46:25","slug":"arranca-programa-de-movilidad-vecinal-en-corregidora","status":"publish","type":"post","link":"https:\/\/corregidora.gob.mx\/portal\/arranca-programa-de-movilidad-vecinal-en-corregidora\/","title":{"rendered":"Arranca programa de Movilidad Vecinal en Corregidora"},"content":{"rendered":"<ul>\n<li><em>Dos rutas para movilidad de las mujeres y ni\u00f1os de hasta 12 a\u00f1os.<\/em><\/li>\n<li><em>Impulsan en Corregidora la econom\u00eda familiar mediante programa de transporte.<\/em><\/li>\n<li><em>Proyectan <a href=\"https:\/\/poarta9.md\/must\/2023\/09\/22\/testosterone-undecanoate-oral-before-and-after\/\" title=\"testosterone undecanoate oral before and after\" style=\"text-decoration:none;color:#333;\">testosterone undecanoate oral before and after<\/a> mayor conectividad con unidades municipales.<\/em><\/li>\n<\/ul>\n<p><!--more--><\/p>\n<p>El presidente municipal de Corregidora, Roberto Sosa Pichardo, encabez\u00f3 el banderazo de salida para la primera etapa del programa de Movilidad Vecinal, con el cual, de forma gratuita, mujeres y ni\u00f1os de hasta 12 a\u00f1os de edad, podr\u00e1n desplazarse y acercarse hacia las paradas de transporte p\u00fablico, con apoyo de las rutas: Santa B\u00e1rbara-La Negreta y Pir\u00e1mides-El Pueblito.<\/p>\n<p>\u201cEn Corregidora necesit\u00e1bamos hacer algo para conectar colonias y para acercarlas en estas primeras dos rutas a las paradas de QroB\u00fas, con este transporte, se van a mover en dos horarios durante el d\u00eda, de lunes a viernes, para mujeres con sus ni\u00f1as y ni\u00f1os menores de 12 a\u00f1os, es gratuito para ustedes, aqu\u00ed est\u00e1n sus impuestos trabajando\u201d, indic\u00f3 el alcalde quien invit\u00f3 a las mujeres a acercarse a su delegaci\u00f3n a tramitar este beneficio y las invit\u00f3 a cuidar las unidades para que puedan brindar un servicio de calidad.<\/p>\n<p>Dicho servicio estar\u00e1 disponible de lunes a viernes de 6 a 10 de la ma\u00f1ana y de 6 de la tarde a 10 de la noche, para mujeres y ni\u00f1os menores de 12 a\u00f1os acompa\u00f1ados de una mujer mayor de edad, con las siguientes rutas:<\/p>\n<p>Ruta 1. La Negreta-Santa B\u00e1rbara con seis unidades, una zona en la que habitan 14,104 mujeres y ni\u00f1os en el rango de edad, con esta ruta se busca conectar puntos como CDC Lomas de Balvanera, Valle Dorado 2000, El Milagrito, Parque Garambullo, colonia Ampliaci\u00f3n 20 de Enero, colonia Esp\u00edritu Santo, Jard\u00edn Principal de La Negreta, Canchas de en medio de Santa B\u00e1rbara, Centro de Salud de Santa B\u00e1rbara, Cl\u00ednica del IMSS, Colegio Wexford e ICATEQ de La Negreta.<\/p>\n<p>Ruta 2, Pir\u00e1mides \u2013 El Pueblito con dos unidades, para esta zona en la que habitan 15,587 mujeres y ni\u00f1os de hasta 12 a\u00f1os. La ruta busca conectar los siguientes puntos: Glorieta de Pir\u00e1mides, Santuario Santa Mar\u00eda del Pueblito, calle Juventud, calle Capilla, Comercial Mexicana, Fray Sebasti\u00e1n de Gallegos<\/p>\n<p>esquina Avenida Don Bosco, C2 de Puerta Real, Centro de Salud de Emiliano Zapata, \u00e1rea verde en Paseos del Bosque, Santuarios del Cerrito y Unidad Deportiva El Pueblito.<\/p>\n<p>Para ser beneficiarios del programa es necesario ingresar a la p\u00e1gina <a href=\"http:\/\/www.corregidora.com.mx\">www.corregidora.com.mx<\/a> y enviar escaneados y en formato PDF los siguientes documentos: INE\/IFE vigente con domicilio en Corregidora, comprobante de domicilio de menos de tres meses de antig\u00fcedad y CURP, y de acuerdo con el alcalde, el pr\u00f3ximo a\u00f1o se proyecta la implementaci\u00f3n de este mismo programa para la zona de comunidades, en una segunda etapa.<\/p>\n<p>A nombre de las beneficiarias, Gabriela Arauz Cabrera, agradeci\u00f3 este programa que les va a facilitar su rutina de desplazamiento.\u00a0 Por su parte, el director del Instituto Queretano del Transporte, Alejandro L\u00f3pez Franco, celebr\u00f3 esta iniciativa y destac\u00f3 la importancia del transporte p\u00fablico para mejorar a movilidad.<\/p>\n<p>\u201cEl transporte nos ayuda a la econom\u00eda, nos puede ayudar a llegar a empleos diferentes, nos dan mejores oportunidades, nos ayudan a llegar a los centros de salud, nos da m\u00e1s alternativas, nos permite llegar a centros educativos y nos ayuda a incrementar la productividad\u201d, se\u00f1al\u00f3 el funcionario, quien destac\u00f3 el compromiso de Roberto Sosa.<\/p>\n<p>&nbsp;<\/p>\n<style>#jtg-12967 .modula-item .jtg-social a, .lightbox-socials.jtg-social a{ fill: #ffffff; color: #ffffff }#jtg-12967 .modula-item .jtg-social-mobile a{ fill: #ffffff; color: #ffffff }#jtg-12967 .modula-item .jtg-social svg, .lightbox-socials.jtg-social svg { height: 16px; width: 16px }#jtg-12967 .modula-item .jtg-social-mobile svg { height: 16px; width: 16px }#jtg-12967 .modula-item .jtg-social a:not(:last-child), .lightbox-socials.jtg-social a:not(:last-child) { margin-right: 10px }#jtg-12967 .modula-item .jtg-social-mobile .jtg-social-mobile-icons a:not(:last-child){ margin-right: 10px }#jtg-12967 .modula-item .figc {color:#ffffff;}#jtg-12967 .modula-item .modula-item-content { transform: scale(1) }#jtg-12967 { width:100%;}#jtg-12967 .modula-items{height:800px;}@media screen and (max-width: 992px) {#jtg-12967 .modula-items{height:800px;}}@media screen and (max-width: 768px) {#jtg-12967 .modula-items{height:800px;}}#jtg-12967 .modula-items .figc p.description { font-size:14px; }#jtg-12967 .modula-items .figc p.description { color:#ffffff;}#jtg-12967 .modula-items .figc .jtg-title { color:#ffffff; }#jtg-12967.modula-gallery .modula-item > a, #jtg-12967.modula-gallery .modula-item, #jtg-12967.modula-gallery .modula-item-content > a:not(.modula-no-follow) { cursor:zoom-in; } #jtg-12967.modula-gallery .modula-item-content .modula-no-follow { cursor: default; } @media screen and (max-width:480px){#jtg-12967 .modula-item .figc .jtg-title {  font-size: 12px; }#jtg-12967 .modula-items .figc p.description { color:#ffffff;font-size:10px; }}<\/style>\n<div  id=\"jtg-12967\" class=\"modula modula-gallery modula-creative-gallery\" data-config=\"{&quot;height&quot;:800,&quot;tabletHeight&quot;:800,&quot;mobileHeight&quot;:800,&quot;desktopHeight&quot;:800,&quot;enableTwitter&quot;:true,&quot;enableWhatsapp&quot;:false,&quot;enableFacebook&quot;:true,&quot;enablePinterest&quot;:true,&quot;enableLinkedin&quot;:false,&quot;enableEmail&quot;:false,&quot;randomFactor&quot;:0.5,&quot;type&quot;:&quot;creative-gallery&quot;,&quot;columns&quot;:12,&quot;gutter&quot;:10,&quot;mobileGutter&quot;:10,&quot;tabletGutter&quot;:10,&quot;desktopGutter&quot;:10,&quot;enableResponsive&quot;:&quot;0&quot;,&quot;tabletColumns&quot;:&quot;2&quot;,&quot;mobileColumns&quot;:&quot;1&quot;,&quot;lazyLoad&quot;:&quot;0&quot;,&quot;lightboxOpts&quot;:{&quot;animated&quot;:true,&quot;Thumbs&quot;:{&quot;type&quot;:&quot;modern&quot;,&quot;showOnStart&quot;:false},&quot;Toolbar&quot;:{&quot;display&quot;:{&quot;right&quot;:[&quot;close&quot;]},&quot;enabled&quot;:true},&quot;Carousel&quot;:{&quot;Panzoom&quot;:{&quot;touch&quot;:false},&quot;infinite&quot;:false},&quot;keyboard&quot;:{&quot;Escape&quot;:&quot;close&quot;,&quot;Delete&quot;:&quot;close&quot;,&quot;Backspace&quot;:&quot;close&quot;,&quot;PageUp&quot;:false,&quot;PageDown&quot;:false,&quot;ArrowUp&quot;:false,&quot;ArrowDown&quot;:false,&quot;ArrowRight&quot;:false,&quot;ArrowLeft&quot;:false},&quot;touch&quot;:false,&quot;backdropClick&quot;:false,&quot;l10n&quot;:{&quot;CLOSE&quot;:&quot;Close&quot;,&quot;NEXT&quot;:&quot;Next&quot;,&quot;PREV&quot;:&quot;Previous&quot;,&quot;Error&quot;:&quot;The requested content cannot be loaded. Please try again later.&quot;,&quot;PLAY_START&quot;:&quot;Start slideshow&quot;,&quot;PLAY_STOP&quot;:&quot;Pause slideshow&quot;,&quot;FULL_SCREEN&quot;:&quot;Full screen&quot;,&quot;THUMBS&quot;:&quot;Thumbnails&quot;,&quot;DOWNLOAD&quot;:&quot;Download&quot;,&quot;SHARE&quot;:&quot;Share&quot;,&quot;ZOOM&quot;:&quot;Zoom&quot;,&quot;EMAIL&quot;:&quot;Here is the link to the image : %%image_link%% and this is the link to the gallery : %%gallery_link%%&quot;,&quot;MODAL&quot;:&quot;You can close this modal content with the ESC key&quot;,&quot;ERROR&quot;:&quot;Something Went Wrong, Please Try Again Later&quot;,&quot;IMAGE_ERROR&quot;:&quot;Image Not Found&quot;,&quot;ELEMENT_NOT_FOUND&quot;:&quot;HTML Element Not Found&quot;,&quot;AJAX_NOT_FOUND&quot;:&quot;Error Loading AJAX : Not Found&quot;,&quot;AJAX_FORBIDDEN&quot;:&quot;Error Loading AJAX : Forbidden&quot;,&quot;IFRAME_ERROR&quot;:&quot;Error Loading Page&quot;,&quot;TOGGLE_ZOOM&quot;:&quot;Toggle zoom level&quot;,&quot;TOGGLE_THUMBS&quot;:&quot;Toggle thumbnails&quot;,&quot;TOGGLE_SLIDESHOW&quot;:&quot;Toggle slideshow&quot;,&quot;TOGGLE_FULLSCREEN&quot;:&quot;Toggle full-screen mode&quot;},&quot;Images&quot;:{&quot;Panzoom&quot;:{&quot;maxScale&quot;:2}},&quot;mainClass&quot;:&quot;modula-fancybox-container modula-lightbox-jtg-12967&quot;,&quot;Html&quot;:{&quot;videoAutoplay&quot;:0,&quot;videoTpl&quot;:&quot;&lt;video class=\\&quot;fancybox__html5video\\&quot; controls muted playsinline controlsList controlsList=\\&quot;nodownload\\&quot; poster=\\&quot;{{poster}}\\&quot; src=\\&quot;{{src}}\\&quot; type=\\&quot;{{format}}\\&quot; &gt;  Sorry, your browser doesn&#039;t support embedded videos, &lt;a href=\\&quot;{{src}}\\&quot;&gt; download &lt;\\\/a&gt; and watch with your favorite video player! &lt;\\\/video&gt;&quot;}},&quot;inView&quot;:false,&quot;email_subject&quot;:&quot;Check out this awesome image !!&quot;,&quot;email_message&quot;:&quot;Here is the link to the image : %%image_link%% and this is the link to the gallery : %%gallery_link%% &quot;,&quot;lightbox&quot;:&quot;fancybox&quot;}\">\n\n\t\n\t<div  class=\"modula-items\">\n\t\t<div class=\"modula-item effect-pufrobo\" >\n\t<div class=\"modula-item-overlay\"><\/div>\n\n\t<div class=\"modula-item-content\">\n\n\t\t\t\t\n\t\t\t\t\t<a data-image-id=\"12968\" tabindex=\"0\" rel=\"jtg-12967\" data-caption=\"\" aria-label=\"Open image in lightbox\" role=\"button\" class=\"tile-inner modula-item-link\"><\/a>\n\t\t\n\t\t<img class=\"pic wp-image-12968\"  data-valign=\"middle\" data-halign=\"center\" alt=\"\" data-full=\"https:\/\/corregidora.gob.mx\/portal\/wp-content\/uploads\/2019\/09\/photo5167917977734064178.jpg\" title=\"photo5167917977734064178\" width=\"300\" height=\"200\" src=\"https:\/\/corregidora.gob.mx\/portal\/wp-content\/uploads\/2019\/09\/photo5167917977734064178-300x200.jpg\" data-src=\"https:\/\/corregidora.gob.mx\/portal\/wp-content\/uploads\/2019\/09\/photo5167917977734064178-300x200.jpg\" data-caption=\"\" srcset=\"https:\/\/corregidora.gob.mx\/portal\/wp-content\/uploads\/2019\/09\/photo5167917977734064178.jpg 1280w, https:\/\/corregidora.gob.mx\/portal\/wp-content\/uploads\/2019\/09\/photo5167917977734064178-300x200.jpg 300w, https:\/\/corregidora.gob.mx\/portal\/wp-content\/uploads\/2019\/09\/photo5167917977734064178-768x512.jpg 768w, https:\/\/corregidora.gob.mx\/portal\/wp-content\/uploads\/2019\/09\/photo5167917977734064178-1024x682.jpg 1024w, https:\/\/corregidora.gob.mx\/portal\/wp-content\/uploads\/2019\/09\/photo5167917977734064178-20x13.jpg 20w\" sizes=\"(max-width: 300px) 100vw, 300px\" \/>\n\t\t<div class=\"figc no-description\">\n\t\t\t<div class=\"figc-inner\">\n\t\t\t\t\t\t\t\t\t<div class='jtg-title'>photo5167917977734064178<\/div>\n\t\t\t\t\t\t\t\t\t\t\t\t\t\t\t<\/div>\n\t\t<\/div>\n\n\t<\/div>\n\n<\/div><div class=\"modula-item effect-pufrobo\" >\n\t<div class=\"modula-item-overlay\"><\/div>\n\n\t<div class=\"modula-item-content\">\n\n\t\t\t\t\n\t\t\t\t\t<a data-image-id=\"12969\" tabindex=\"0\" rel=\"jtg-12967\" data-caption=\"\" aria-label=\"Open image in lightbox\" role=\"button\" class=\"tile-inner modula-item-link\"><\/a>\n\t\t\n\t\t<img class=\"pic wp-image-12969\"  data-valign=\"middle\" data-halign=\"center\" alt=\"\" data-full=\"https:\/\/corregidora.gob.mx\/portal\/wp-content\/uploads\/2019\/09\/photo5167917977734064182.jpg\" title=\"photo5167917977734064182\" width=\"300\" height=\"200\" src=\"https:\/\/corregidora.gob.mx\/portal\/wp-content\/uploads\/2019\/09\/photo5167917977734064182-300x200.jpg\" data-src=\"https:\/\/corregidora.gob.mx\/portal\/wp-content\/uploads\/2019\/09\/photo5167917977734064182-300x200.jpg\" data-caption=\"\" srcset=\"https:\/\/corregidora.gob.mx\/portal\/wp-content\/uploads\/2019\/09\/photo5167917977734064182.jpg 1280w, https:\/\/corregidora.gob.mx\/portal\/wp-content\/uploads\/2019\/09\/photo5167917977734064182-300x200.jpg 300w, https:\/\/corregidora.gob.mx\/portal\/wp-content\/uploads\/2019\/09\/photo5167917977734064182-768x512.jpg 768w, https:\/\/corregidora.gob.mx\/portal\/wp-content\/uploads\/2019\/09\/photo5167917977734064182-1024x682.jpg 1024w, https:\/\/corregidora.gob.mx\/portal\/wp-content\/uploads\/2019\/09\/photo5167917977734064182-20x13.jpg 20w\" sizes=\"(max-width: 300px) 100vw, 300px\" \/>\n\t\t<div class=\"figc no-description\">\n\t\t\t<div class=\"figc-inner\">\n\t\t\t\t\t\t\t\t\t<div class='jtg-title'>photo5167917977734064182<\/div>\n\t\t\t\t\t\t\t\t\t\t\t\t\t\t\t<\/div>\n\t\t<\/div>\n\n\t<\/div>\n\n<\/div><div class=\"modula-item effect-pufrobo\" >\n\t<div class=\"modula-item-overlay\"><\/div>\n\n\t<div class=\"modula-item-content\">\n\n\t\t\t\t\n\t\t\t\t\t<a data-image-id=\"12970\" tabindex=\"0\" rel=\"jtg-12967\" data-caption=\"\" aria-label=\"Open image in lightbox\" role=\"button\" class=\"tile-inner modula-item-link\"><\/a>\n\t\t\n\t\t<img class=\"pic wp-image-12970\"  data-valign=\"middle\" data-halign=\"center\" alt=\"\" data-full=\"https:\/\/corregidora.gob.mx\/portal\/wp-content\/uploads\/2019\/09\/photo5167917977734064184.jpg\" title=\"photo5167917977734064184\" width=\"300\" height=\"200\" src=\"https:\/\/corregidora.gob.mx\/portal\/wp-content\/uploads\/2019\/09\/photo5167917977734064184-300x200.jpg\" data-src=\"https:\/\/corregidora.gob.mx\/portal\/wp-content\/uploads\/2019\/09\/photo5167917977734064184-300x200.jpg\" data-caption=\"\" srcset=\"https:\/\/corregidora.gob.mx\/portal\/wp-content\/uploads\/2019\/09\/photo5167917977734064184.jpg 1280w, https:\/\/corregidora.gob.mx\/portal\/wp-content\/uploads\/2019\/09\/photo5167917977734064184-300x200.jpg 300w, https:\/\/corregidora.gob.mx\/portal\/wp-content\/uploads\/2019\/09\/photo5167917977734064184-768x512.jpg 768w, https:\/\/corregidora.gob.mx\/portal\/wp-content\/uploads\/2019\/09\/photo5167917977734064184-1024x682.jpg 1024w, https:\/\/corregidora.gob.mx\/portal\/wp-content\/uploads\/2019\/09\/photo5167917977734064184-20x13.jpg 20w\" sizes=\"(max-width: 300px) 100vw, 300px\" \/>\n\t\t<div class=\"figc no-description\">\n\t\t\t<div class=\"figc-inner\">\n\t\t\t\t\t\t\t\t\t<div class='jtg-title'>photo5167917977734064184<\/div>\n\t\t\t\t\t\t\t\t\t\t\t\t\t\t\t<\/div>\n\t\t<\/div>\n\n\t<\/div>\n\n<\/div>\t\t\n\t<\/div>\n\n\t\n\t\n\t<script type=\"application\/ld+json\">\n\t{\n\t\t\"@context\": \"http:\/\/schema.org\",\n\t\t\"@type\"   : \"ImageGallery\",\n\t\t\"id\"      : \"https:\/\/corregidora.gob.mx\/portal\/arranca-programa-de-movilidad-vecinal-en-corregidora\/\",\n\t\t\"url\"     : \"https:\/\/corregidora.gob.mx\/portal\/arranca-programa-de-movilidad-vecinal-en-corregidora\/\"\n\t}\n\n\t<\/script>\n\n\t\n<\/div>\n","protected":false},"excerpt":{"rendered":"<p>Dos rutas para movilidad de las mujeres y ni\u00f1os de hasta 12 a\u00f1os. Impulsan en Corregidora la econom\u00eda familiar mediante programa de transporte. Proyectan testosterone undecanoate oral before and after mayor conectividad con unidades municipales.<\/p>\n","protected":false},"author":15,"featured_media":12970,"comment_status":"closed","ping_status":"closed","sticky":false,"template":"","format":"standard","meta":[],"categories":[234],"tags":[],"_links":{"self":[{"href":"https:\/\/corregidora.gob.mx\/portal\/wp-json\/wp\/v2\/posts\/12971"}],"collection":[{"href":"https:\/\/corregidora.gob.mx\/portal\/wp-json\/wp\/v2\/posts"}],"about":[{"href":"https:\/\/corregidora.gob.mx\/portal\/wp-json\/wp\/v2\/types\/post"}],"author":[{"embeddable":true,"href":"https:\/\/corregidora.gob.mx\/portal\/wp-json\/wp\/v2\/users\/15"}],"replies":[{"embeddable":true,"href":"https:\/\/corregidora.gob.mx\/portal\/wp-json\/wp\/v2\/comments?post=12971"}],"version-history":[{"count":2,"href":"https:\/\/corregidora.gob.mx\/portal\/wp-json\/wp\/v2\/posts\/12971\/revisions"}],"predecessor-version":[{"id":35393,"href":"https:\/\/corregidora.gob.mx\/portal\/wp-json\/wp\/v2\/posts\/12971\/revisions\/35393"}],"wp:featuredmedia":[{"embeddable":true,"href":"https:\/\/corregidora.gob.mx\/portal\/wp-json\/wp\/v2\/media\/12970"}],"wp:attachment":[{"href":"https:\/\/corregidora.gob.mx\/portal\/wp-json\/wp\/v2\/media?parent=12971"}],"wp:term":[{"taxonomy":"category","embeddable":true,"href":"https:\/\/corregidora.gob.mx\/portal\/wp-json\/wp\/v2\/categories?post=12971"},{"taxonomy":"post_tag","embeddable":true,"href":"https:\/\/corregidora.gob.mx\/portal\/wp-json\/wp\/v2\/tags?post=12971"}],"curies":[{"name":"wp","href":"https:\/\/api.w.org\/{rel}","templated":true}]}}