{"id":12921,"date":"2019-09-06T14:24:07","date_gmt":"2019-09-06T19:24:07","guid":{"rendered":"http:\/\/www.corregidora.gob.mx\/portal\/?p=12921"},"modified":"2019-09-06T15:25:26","modified_gmt":"2019-09-06T20:25:26","slug":"taxistas-son-ojos-y-oidos-para-el-gobierno-municipal-roberto-sosa","status":"publish","type":"post","link":"https:\/\/corregidora.gob.mx\/portal\/taxistas-son-ojos-y-oidos-para-el-gobierno-municipal-roberto-sosa\/","title":{"rendered":"Taxistas son ojos y o\u00eddos para el gobierno municipal: Roberto Sosa"},"content":{"rendered":"<ul>\n<li><em>Destaca alcalde de Corregidora el alcance que tiene este sector ante el turismo.<\/em><\/li>\n<li><em>Entrega resumen de su informe de actividades.<\/em><\/li>\n<\/ul>\n<p><!--more--><\/p>\n<p>Roberto Sosa Pichardo, presidente municipal de Corregidora, sostuvo un encuentro con taxistas del municipio, a quienes present\u00f3 el resumen de resultados con motivo de su primer informe de gobierno y los reconoci\u00f3 como un sector estrat\u00e9gico para el turismo.<\/p>\n<p>\u201cPara m\u00ed era muy importante volverme a reunir con ustedes, ustedes son los ojos y los o\u00eddos para el gobierno municipal, si alguien sabe c\u00f3mo van las cosas son ustedes, porque se suben con ustedes las personas y platican con ellas, volverlos a ver en este primer a\u00f1o, para m\u00ed es muy importante\u201d.<\/p>\n<p>Explic\u00f3 que el informe lo estar\u00e1 entregando de mano en mano porque es la forma en que puede enterarse de c\u00f3mo va el municipio, \u201cvamos a caminar, en sectores, en recorridos, a escucharlos\u201d, indic\u00f3.<\/p>\n<p>Les explic\u00f3 que con la apertura del Museo de Sitio y el impulso a la Ruta de la Adoraci\u00f3n, desde febrero a la fecha se ha logrado atraer a 45 mil visitantes y seguir\u00e1n los eventos, culturales, art\u00edsticos y deportivos.<\/p>\n<p>\u201cQueremos hacer de Corregidora un destino tur\u00edstico, tenemos una Pir\u00e1mide, m\u00e1s grande que la de Chich\u00e9n Itz\u00e1, son miles de personas las que vienen a ver a la Virgen, tenemos la Ruta de la Adoraci\u00f3n, en la revista de la aerol\u00ednea TAR aparece la Pir\u00e1mide de El Cerrito, le seguimos dando mucho impulso al turismo para que toda la gente empiece a conocer Corregidora, estamos trabajando para atraer hoteles para que se instalen aqu\u00ed y los visitantes que lleguen tengan donde hospedarse\u201d, se\u00f1al\u00f3 Roberto Sosa.<\/p>\n<p>Los invit\u00f3 a seguir trabajando en equipo y los llam\u00f3 a organizarse en una asociaci\u00f3n para que tengan representantes en las mesas de trabajo, \u201chay mucho avance, quiero que sepan que cuentan con nosotros\u201d.<\/p>\n<style>#jtg-12917 .modula-item .jtg-social a, .lightbox-socials.jtg-social a{ fill: #ffffff; color: #ffffff }#jtg-12917 .modula-item .jtg-social-mobile a{ fill: #ffffff; color: #ffffff }#jtg-12917 .modula-item .jtg-social svg, .lightbox-socials.jtg-social svg { height: 16px; width: 16px }#jtg-12917 .modula-item .jtg-social-mobile svg { height: 16px; width: 16px }#jtg-12917 .modula-item .jtg-social a:not(:last-child), .lightbox-socials.jtg-social a:not(:last-child) { margin-right: 10px }#jtg-12917 .modula-item .jtg-social-mobile .jtg-social-mobile-icons a:not(:last-child){ margin-right: 10px }#jtg-12917 .modula-item .figc {color:#ffffff;}#jtg-12917 .modula-item .modula-item-content { transform: scale(1) }#jtg-12917 { width:100%;}#jtg-12917 .modula-items{height:800px;}@media screen and (max-width: 992px) {#jtg-12917 .modula-items{height:800px;}}@media screen and (max-width: 768px) {#jtg-12917 .modula-items{height:800px;}}#jtg-12917 .modula-items .figc p.description { font-size:14px; }#jtg-12917 .modula-items .figc p.description { color:#ffffff;}#jtg-12917 .modula-items .figc .jtg-title { color:#ffffff; }#jtg-12917.modula-gallery .modula-item > a, #jtg-12917.modula-gallery .modula-item, #jtg-12917.modula-gallery .modula-item-content > a:not(.modula-no-follow) { cursor:zoom-in; } #jtg-12917.modula-gallery .modula-item-content .modula-no-follow { cursor: default; } @media screen and (max-width:480px){#jtg-12917 .modula-item .figc .jtg-title {  font-size: 12px; }#jtg-12917 .modula-items .figc p.description { color:#ffffff;font-size:10px; }}<\/style>\n<div  id=\"jtg-12917\" class=\"modula modula-gallery modula-creative-gallery\" data-config=\"{&quot;height&quot;:800,&quot;tabletHeight&quot;:800,&quot;mobileHeight&quot;:800,&quot;desktopHeight&quot;:800,&quot;enableTwitter&quot;:true,&quot;enableWhatsapp&quot;:false,&quot;enableFacebook&quot;:true,&quot;enablePinterest&quot;:true,&quot;enableLinkedin&quot;:false,&quot;enableEmail&quot;:false,&quot;randomFactor&quot;:0.5,&quot;type&quot;:&quot;creative-gallery&quot;,&quot;columns&quot;:12,&quot;gutter&quot;:10,&quot;mobileGutter&quot;:10,&quot;tabletGutter&quot;:10,&quot;desktopGutter&quot;:10,&quot;enableResponsive&quot;:&quot;0&quot;,&quot;tabletColumns&quot;:&quot;2&quot;,&quot;mobileColumns&quot;:&quot;1&quot;,&quot;lazyLoad&quot;:&quot;0&quot;,&quot;lightboxOpts&quot;:{&quot;animated&quot;:true,&quot;Thumbs&quot;:{&quot;type&quot;:&quot;modern&quot;,&quot;showOnStart&quot;:false},&quot;Toolbar&quot;:{&quot;display&quot;:{&quot;right&quot;:[&quot;close&quot;]},&quot;enabled&quot;:true},&quot;Carousel&quot;:{&quot;Panzoom&quot;:{&quot;touch&quot;:false},&quot;infinite&quot;:false},&quot;keyboard&quot;:{&quot;Escape&quot;:&quot;close&quot;,&quot;Delete&quot;:&quot;close&quot;,&quot;Backspace&quot;:&quot;close&quot;,&quot;PageUp&quot;:false,&quot;PageDown&quot;:false,&quot;ArrowUp&quot;:false,&quot;ArrowDown&quot;:false,&quot;ArrowRight&quot;:false,&quot;ArrowLeft&quot;:false},&quot;touch&quot;:false,&quot;backdropClick&quot;:false,&quot;l10n&quot;:{&quot;CLOSE&quot;:&quot;Close&quot;,&quot;NEXT&quot;:&quot;Next&quot;,&quot;PREV&quot;:&quot;Previous&quot;,&quot;Error&quot;:&quot;The requested content cannot be loaded. Please try again later.&quot;,&quot;PLAY_START&quot;:&quot;Start slideshow&quot;,&quot;PLAY_STOP&quot;:&quot;Pause slideshow&quot;,&quot;FULL_SCREEN&quot;:&quot;Full screen&quot;,&quot;THUMBS&quot;:&quot;Thumbnails&quot;,&quot;DOWNLOAD&quot;:&quot;Download&quot;,&quot;SHARE&quot;:&quot;Share&quot;,&quot;ZOOM&quot;:&quot;Zoom&quot;,&quot;EMAIL&quot;:&quot;Here is the link to the image : %%image_link%% and this is the link to the gallery : %%gallery_link%%&quot;,&quot;MODAL&quot;:&quot;You can close this modal content with the ESC key&quot;,&quot;ERROR&quot;:&quot;Something Went Wrong, Please Try Again Later&quot;,&quot;IMAGE_ERROR&quot;:&quot;Image Not Found&quot;,&quot;ELEMENT_NOT_FOUND&quot;:&quot;HTML Element Not Found&quot;,&quot;AJAX_NOT_FOUND&quot;:&quot;Error Loading AJAX : Not Found&quot;,&quot;AJAX_FORBIDDEN&quot;:&quot;Error Loading AJAX : Forbidden&quot;,&quot;IFRAME_ERROR&quot;:&quot;Error Loading Page&quot;,&quot;TOGGLE_ZOOM&quot;:&quot;Toggle zoom level&quot;,&quot;TOGGLE_THUMBS&quot;:&quot;Toggle thumbnails&quot;,&quot;TOGGLE_SLIDESHOW&quot;:&quot;Toggle slideshow&quot;,&quot;TOGGLE_FULLSCREEN&quot;:&quot;Toggle full-screen mode&quot;},&quot;Images&quot;:{&quot;Panzoom&quot;:{&quot;maxScale&quot;:2}},&quot;mainClass&quot;:&quot;modula-fancybox-container modula-lightbox-jtg-12917&quot;,&quot;Html&quot;:{&quot;videoAutoplay&quot;:0,&quot;videoTpl&quot;:&quot;&lt;video class=\\&quot;fancybox__html5video\\&quot; controls muted playsinline controlsList controlsList=\\&quot;nodownload\\&quot; poster=\\&quot;{{poster}}\\&quot; src=\\&quot;{{src}}\\&quot; type=\\&quot;{{format}}\\&quot; &gt;  Sorry, your browser doesn&#039;t support embedded videos, &lt;a href=\\&quot;{{src}}\\&quot;&gt; download &lt;\\\/a&gt; and watch with your favorite video player! &lt;\\\/video&gt;&quot;}},&quot;inView&quot;:false,&quot;email_subject&quot;:&quot;Check out this awesome image !!&quot;,&quot;email_message&quot;:&quot;Here is the link to the image : %%image_link%% and this is the link to the gallery : %%gallery_link%% &quot;,&quot;lightbox&quot;:&quot;fancybox&quot;}\">\n\n\t\n\t<div  class=\"modula-items\">\n\t\t<div class=\"modula-item effect-pufrobo\" >\n\t<div class=\"modula-item-overlay\"><\/div>\n\n\t<div class=\"modula-item-content\">\n\n\t\t\t\t\n\t\t\t\t\t<a data-image-id=\"12918\" tabindex=\"0\" rel=\"jtg-12917\" data-caption=\"\" aria-label=\"Open image in lightbox\" role=\"button\" class=\"tile-inner modula-item-link\"><\/a>\n\t\t\n\t\t<img class=\"pic wp-image-12918\"  data-valign=\"middle\" data-halign=\"center\" alt=\"\" data-full=\"https:\/\/corregidora.gob.mx\/portal\/wp-content\/uploads\/2019\/09\/photo5154648843776796686.jpg\" title=\"photo5154648843776796686\" width=\"300\" height=\"200\" src=\"https:\/\/corregidora.gob.mx\/portal\/wp-content\/uploads\/2019\/09\/photo5154648843776796686-300x200.jpg\" data-src=\"https:\/\/corregidora.gob.mx\/portal\/wp-content\/uploads\/2019\/09\/photo5154648843776796686-300x200.jpg\" data-caption=\"\" srcset=\"https:\/\/corregidora.gob.mx\/portal\/wp-content\/uploads\/2019\/09\/photo5154648843776796686.jpg 1280w, https:\/\/corregidora.gob.mx\/portal\/wp-content\/uploads\/2019\/09\/photo5154648843776796686-300x200.jpg 300w, https:\/\/corregidora.gob.mx\/portal\/wp-content\/uploads\/2019\/09\/photo5154648843776796686-768x512.jpg 768w, https:\/\/corregidora.gob.mx\/portal\/wp-content\/uploads\/2019\/09\/photo5154648843776796686-1024x682.jpg 1024w, https:\/\/corregidora.gob.mx\/portal\/wp-content\/uploads\/2019\/09\/photo5154648843776796686-20x13.jpg 20w\" sizes=\"(max-width: 300px) 100vw, 300px\" \/>\n\t\t<div class=\"figc no-description\">\n\t\t\t<div class=\"figc-inner\">\n\t\t\t\t\t\t\t\t\t<div class='jtg-title'>photo5154648843776796686<\/div>\n\t\t\t\t\t\t\t\t\t\t\t\t\t\t\t<\/div>\n\t\t<\/div>\n\n\t<\/div>\n\n<\/div><div class=\"modula-item effect-pufrobo\" >\n\t<div class=\"modula-item-overlay\"><\/div>\n\n\t<div class=\"modula-item-content\">\n\n\t\t\t\t\n\t\t\t\t\t<a data-image-id=\"12919\" tabindex=\"0\" rel=\"jtg-12917\" data-caption=\"\" aria-label=\"Open image in lightbox\" role=\"button\" class=\"tile-inner modula-item-link\"><\/a>\n\t\t\n\t\t<img class=\"pic wp-image-12919\"  data-valign=\"middle\" data-halign=\"center\" alt=\"\" data-full=\"https:\/\/corregidora.gob.mx\/portal\/wp-content\/uploads\/2019\/09\/photo5154648843776796688.jpg\" title=\"photo5154648843776796688\" width=\"300\" height=\"200\" src=\"https:\/\/corregidora.gob.mx\/portal\/wp-content\/uploads\/2019\/09\/photo5154648843776796688-300x200.jpg\" data-src=\"https:\/\/corregidora.gob.mx\/portal\/wp-content\/uploads\/2019\/09\/photo5154648843776796688-300x200.jpg\" data-caption=\"\" srcset=\"https:\/\/corregidora.gob.mx\/portal\/wp-content\/uploads\/2019\/09\/photo5154648843776796688.jpg 1280w, https:\/\/corregidora.gob.mx\/portal\/wp-content\/uploads\/2019\/09\/photo5154648843776796688-300x200.jpg 300w, https:\/\/corregidora.gob.mx\/portal\/wp-content\/uploads\/2019\/09\/photo5154648843776796688-768x512.jpg 768w, https:\/\/corregidora.gob.mx\/portal\/wp-content\/uploads\/2019\/09\/photo5154648843776796688-1024x682.jpg 1024w, https:\/\/corregidora.gob.mx\/portal\/wp-content\/uploads\/2019\/09\/photo5154648843776796688-20x13.jpg 20w\" sizes=\"(max-width: 300px) 100vw, 300px\" \/>\n\t\t<div class=\"figc no-description\">\n\t\t\t<div class=\"figc-inner\">\n\t\t\t\t\t\t\t\t\t<div class='jtg-title'>photo5154648843776796688<\/div>\n\t\t\t\t\t\t\t\t\t\t\t\t\t\t\t<\/div>\n\t\t<\/div>\n\n\t<\/div>\n\n<\/div><div class=\"modula-item effect-pufrobo\" >\n\t<div class=\"modula-item-overlay\"><\/div>\n\n\t<div class=\"modula-item-content\">\n\n\t\t\t\t\n\t\t\t\t\t<a data-image-id=\"12920\" tabindex=\"0\" rel=\"jtg-12917\" data-caption=\"\" aria-label=\"Open image in lightbox\" role=\"button\" class=\"tile-inner modula-item-link\"><\/a>\n\t\t\n\t\t<img class=\"pic wp-image-12920\"  data-valign=\"middle\" data-halign=\"center\" alt=\"\" data-full=\"https:\/\/corregidora.gob.mx\/portal\/wp-content\/uploads\/2019\/09\/photo5154648843776796693.jpg\" title=\"photo5154648843776796693\" width=\"300\" height=\"200\" src=\"https:\/\/corregidora.gob.mx\/portal\/wp-content\/uploads\/2019\/09\/photo5154648843776796693-300x200.jpg\" data-src=\"https:\/\/corregidora.gob.mx\/portal\/wp-content\/uploads\/2019\/09\/photo5154648843776796693-300x200.jpg\" data-caption=\"\" srcset=\"https:\/\/corregidora.gob.mx\/portal\/wp-content\/uploads\/2019\/09\/photo5154648843776796693.jpg 1280w, https:\/\/corregidora.gob.mx\/portal\/wp-content\/uploads\/2019\/09\/photo5154648843776796693-300x200.jpg 300w, https:\/\/corregidora.gob.mx\/portal\/wp-content\/uploads\/2019\/09\/photo5154648843776796693-768x512.jpg 768w, https:\/\/corregidora.gob.mx\/portal\/wp-content\/uploads\/2019\/09\/photo5154648843776796693-1024x682.jpg 1024w, https:\/\/corregidora.gob.mx\/portal\/wp-content\/uploads\/2019\/09\/photo5154648843776796693-20x13.jpg 20w\" sizes=\"(max-width: 300px) 100vw, 300px\" \/>\n\t\t<div class=\"figc no-description\">\n\t\t\t<div class=\"figc-inner\">\n\t\t\t\t\t\t\t\t\t<div class='jtg-title'>photo5154648843776796693<\/div>\n\t\t\t\t\t\t\t\t\t\t\t\t\t\t\t<\/div>\n\t\t<\/div>\n\n\t<\/div>\n\n<\/div>\t\t\n\t<\/div>\n\n\t\n\t\n\t<script type=\"application\/ld+json\">\n\t{\n\t\t\"@context\": \"http:\/\/schema.org\",\n\t\t\"@type\"   : \"ImageGallery\",\n\t\t\"id\"      : \"https:\/\/corregidora.gob.mx\/portal\/taxistas-son-ojos-y-oidos-para-el-gobierno-municipal-roberto-sosa\/\",\n\t\t\"url\"     : \"https:\/\/corregidora.gob.mx\/portal\/taxistas-son-ojos-y-oidos-para-el-gobierno-municipal-roberto-sosa\/\"\n\t}\n\n\t<\/script>\n\n\t\n<\/div>\n","protected":false},"excerpt":{"rendered":"<p>Destaca alcalde de Corregidora el alcance que tiene este sector ante el turismo. Entrega resumen de su informe de actividades.<\/p>\n","protected":false},"author":15,"featured_media":12919,"comment_status":"closed","ping_status":"closed","sticky":false,"template":"","format":"standard","meta":[],"categories":[234],"tags":[],"_links":{"self":[{"href":"https:\/\/corregidora.gob.mx\/portal\/wp-json\/wp\/v2\/posts\/12921"}],"collection":[{"href":"https:\/\/corregidora.gob.mx\/portal\/wp-json\/wp\/v2\/posts"}],"about":[{"href":"https:\/\/corregidora.gob.mx\/portal\/wp-json\/wp\/v2\/types\/post"}],"author":[{"embeddable":true,"href":"https:\/\/corregidora.gob.mx\/portal\/wp-json\/wp\/v2\/users\/15"}],"replies":[{"embeddable":true,"href":"https:\/\/corregidora.gob.mx\/portal\/wp-json\/wp\/v2\/comments?post=12921"}],"version-history":[{"count":2,"href":"https:\/\/corregidora.gob.mx\/portal\/wp-json\/wp\/v2\/posts\/12921\/revisions"}],"predecessor-version":[{"id":12923,"href":"https:\/\/corregidora.gob.mx\/portal\/wp-json\/wp\/v2\/posts\/12921\/revisions\/12923"}],"wp:featuredmedia":[{"embeddable":true,"href":"https:\/\/corregidora.gob.mx\/portal\/wp-json\/wp\/v2\/media\/12919"}],"wp:attachment":[{"href":"https:\/\/corregidora.gob.mx\/portal\/wp-json\/wp\/v2\/media?parent=12921"}],"wp:term":[{"taxonomy":"category","embeddable":true,"href":"https:\/\/corregidora.gob.mx\/portal\/wp-json\/wp\/v2\/categories?post=12921"},{"taxonomy":"post_tag","embeddable":true,"href":"https:\/\/corregidora.gob.mx\/portal\/wp-json\/wp\/v2\/tags?post=12921"}],"curies":[{"name":"wp","href":"https:\/\/api.w.org\/{rel}","templated":true}]}}