{"id":12900,"date":"2019-09-04T13:49:55","date_gmt":"2019-09-04T18:49:55","guid":{"rendered":"http:\/\/www.corregidora.gob.mx\/portal\/?p=12900"},"modified":"2019-09-06T13:55:35","modified_gmt":"2019-09-06T18:55:35","slug":"entrega-roberto-sosa-subcomandancia-en-cumbres-del-roble","status":"publish","type":"post","link":"https:\/\/corregidora.gob.mx\/portal\/entrega-roberto-sosa-subcomandancia-en-cumbres-del-roble\/","title":{"rendered":"Entrega Roberto Sosa subcomandancia en Cumbres del Roble"},"content":{"rendered":"<ul>\n<li><em>Realiza recorrido de supervisi\u00f3n en m\u00f3dulo de Los \u00c1ngeles<\/em><\/li>\n<\/ul>\n<p><!--more--><\/p>\n<p>El presidente municipal de Corregidora, Roberto Sosa Pichardo, hizo entrega de la Subcomandancia de Seguridad P\u00fablica Municipal C2 en Cumbres del Roble, la cual est\u00e1 equipada y enlazada tecnol\u00f3gicamente al C4 a trav\u00e9s de fibra \u00f3ptica, permite el monitoreo de m\u00e1s de 110 c\u00e1maras de videovigilancia y 60 mil habitantes podr\u00e1n beneficiarse a partir de esta. Igualmente, realiz\u00f3 un recorrido de supervisi\u00f3n en el m\u00f3dulo de Los \u00c1ngeles, el cual estar\u00e1 concluido a finales de septiembre y abrir\u00e1 a mediados de octubre.<\/p>\n<p>En su mensaje, Roberto Sosa Pichardo dijo a los ciudadanos que finalmente se dar\u00e1 uso a este espacio, que era la gran petici\u00f3n de los habitantes, \u201ca partir de hoy, esta zona estar\u00e1 m\u00e1s protegida, m\u00e1s segura y si siguen organizados, tendr\u00e1n tranquilidad para vivir seguros\u201d, indic\u00f3.<\/p>\n<p>El secretario de Seguridad P\u00fablica Municipal, Juan Luis Rodr\u00edguez Aboytes, indic\u00f3 que la estrategia de seguridad planteada por el presidente municipal, privilegia el mantener los espacios de sana convivencia, por ello se proyect\u00f3 rehabilitar cinco m\u00f3dulos y seis subcomandancias de seguridad de las cuales, se hace entrega de este edificio.<\/p>\n<p>Agreg\u00f3 que de las seis subcomandancias, ya cuatro est\u00e1n en operaci\u00f3n y dos m\u00e1s en construcci\u00f3n, adem\u00e1s dijo que se rehabilitaron nueve m\u00f3dulos de seguridad los cuales estar\u00e1n en operaci\u00f3n en pr\u00f3ximos d\u00edas.<\/p>\n<p>Estas subcomandancias y m\u00f3dulos tendr\u00e1n el apoyo tecnol\u00f3gico de la red de videovigilancia para inhibir los delitos patrimoniales y faltas administrativas, y podr\u00e1n realizar patrullaje inteligente y dirigido por cuadrante que estar\u00e1 monitoreado las 24 horas, y son m\u00e1s de 50 polic\u00edas quienes estar\u00e1n realizando su labor y despliegue policial.<\/p>\n<p>Indic\u00f3 que con la instalaci\u00f3n de esta subcomandancia la cual est\u00e1 equipada y enlazada tecnol\u00f3gicamente al C4 a trav\u00e9s de la fibra \u00f3ptica, permite el monitoreo de m\u00e1s de 110 c\u00e1maras de videovigilancia, la cual permitir\u00e1 brindar una atenci\u00f3n pronta, efectiva a los ciudadanos, adem\u00e1s de generar mayor cercan\u00eda con los mismos, proporcionando m\u00e1s vigilancia para disuadir la comisi\u00f3n de hechos que afecten la tranquilidad de los habitantes.<\/p>\n<p>Agreg\u00f3 que actualmente, en este sector, se cuenta con la participaci\u00f3n activa y responsable de m\u00e1s de 64 comit\u00e9s de Vecino Vigilante, y los invit\u00f3 a conocer las instalaciones.<\/p>\n<p>El secretario de Obras P\u00fablicas Municipales, Juan Carlos Garc\u00eda S\u00e1nchez se\u00f1al\u00f3 que este m\u00f3dulo de seguridad en Cumbres del Roble tiene una edificaci\u00f3n de 180 metros cuadrados, contar\u00e1 con sala de recepci\u00f3n, sala de espera, cub\u00edculos de atenci\u00f3n ciudadana, \u00e1rea monitoreada, m\u00f3dulos, ba\u00f1os, vestidores y<em> lockers<\/em> para el personal de seguridad, estacionamiento para veh\u00edculos, y tuvo una inversi\u00f3n de\u00a0 3 millones 284 mil 086.74 pesos que beneficia directamente 6 mil 876 personas y de manera indirecta a 60 mil personas.<\/p>\n<p>En la comandancia de Los \u00c1ngeles, el avance es del 75 por ciento, la inversi\u00f3n ser\u00e1 de 2.6 millones de pesos, se edifica en 190 metros cuadrados, contar\u00e1 con un centro de monitoreo y concluye su construcci\u00f3n el 30 de septiembre.<\/p>\n<style>#jtg-12893 .modula-item .jtg-social a, .lightbox-socials.jtg-social a{ fill: #ffffff; color: #ffffff }#jtg-12893 .modula-item .jtg-social-mobile a{ fill: #ffffff; color: #ffffff }#jtg-12893 .modula-item .jtg-social svg, .lightbox-socials.jtg-social svg { height: 16px; width: 16px }#jtg-12893 .modula-item .jtg-social-mobile svg { height: 16px; width: 16px }#jtg-12893 .modula-item .jtg-social a:not(:last-child), .lightbox-socials.jtg-social a:not(:last-child) { margin-right: 10px }#jtg-12893 .modula-item .jtg-social-mobile .jtg-social-mobile-icons a:not(:last-child){ margin-right: 10px }#jtg-12893 .modula-item .figc {color:#ffffff;}#jtg-12893 .modula-item .modula-item-content { transform: scale(1) }#jtg-12893 { width:100%;}#jtg-12893 .modula-items{height:800px;}@media screen and (max-width: 992px) {#jtg-12893 .modula-items{height:800px;}}@media screen and (max-width: 768px) {#jtg-12893 .modula-items{height:800px;}}#jtg-12893 .modula-items .figc p.description { font-size:14px; }#jtg-12893 .modula-items .figc p.description { color:#ffffff;}#jtg-12893 .modula-items .figc .jtg-title { color:#ffffff; }#jtg-12893.modula-gallery .modula-item > a, #jtg-12893.modula-gallery .modula-item, #jtg-12893.modula-gallery .modula-item-content > a:not(.modula-no-follow) { cursor:zoom-in; } #jtg-12893.modula-gallery .modula-item-content .modula-no-follow { cursor: default; } @media screen and (max-width:480px){#jtg-12893 .modula-item .figc .jtg-title {  font-size: 12px; }#jtg-12893 .modula-items .figc p.description { color:#ffffff;font-size:10px; }}<\/style>\n<div  id=\"jtg-12893\" class=\"modula modula-gallery modula-creative-gallery\" data-config=\"{&quot;height&quot;:800,&quot;tabletHeight&quot;:800,&quot;mobileHeight&quot;:800,&quot;desktopHeight&quot;:800,&quot;enableTwitter&quot;:true,&quot;enableWhatsapp&quot;:false,&quot;enableFacebook&quot;:true,&quot;enablePinterest&quot;:true,&quot;enableLinkedin&quot;:false,&quot;enableEmail&quot;:false,&quot;randomFactor&quot;:0.5,&quot;type&quot;:&quot;creative-gallery&quot;,&quot;columns&quot;:12,&quot;gutter&quot;:10,&quot;mobileGutter&quot;:10,&quot;tabletGutter&quot;:10,&quot;desktopGutter&quot;:10,&quot;enableResponsive&quot;:&quot;0&quot;,&quot;tabletColumns&quot;:&quot;2&quot;,&quot;mobileColumns&quot;:&quot;1&quot;,&quot;lazyLoad&quot;:&quot;0&quot;,&quot;lightboxOpts&quot;:{&quot;animated&quot;:true,&quot;Thumbs&quot;:{&quot;type&quot;:&quot;modern&quot;,&quot;showOnStart&quot;:false},&quot;Toolbar&quot;:{&quot;display&quot;:{&quot;right&quot;:[&quot;close&quot;]},&quot;enabled&quot;:true},&quot;Carousel&quot;:{&quot;Panzoom&quot;:{&quot;touch&quot;:false},&quot;infinite&quot;:false},&quot;keyboard&quot;:{&quot;Escape&quot;:&quot;close&quot;,&quot;Delete&quot;:&quot;close&quot;,&quot;Backspace&quot;:&quot;close&quot;,&quot;PageUp&quot;:false,&quot;PageDown&quot;:false,&quot;ArrowUp&quot;:false,&quot;ArrowDown&quot;:false,&quot;ArrowRight&quot;:false,&quot;ArrowLeft&quot;:false},&quot;touch&quot;:false,&quot;backdropClick&quot;:false,&quot;l10n&quot;:{&quot;CLOSE&quot;:&quot;Close&quot;,&quot;NEXT&quot;:&quot;Next&quot;,&quot;PREV&quot;:&quot;Previous&quot;,&quot;Error&quot;:&quot;The requested content cannot be loaded. Please try again later.&quot;,&quot;PLAY_START&quot;:&quot;Start slideshow&quot;,&quot;PLAY_STOP&quot;:&quot;Pause slideshow&quot;,&quot;FULL_SCREEN&quot;:&quot;Full screen&quot;,&quot;THUMBS&quot;:&quot;Thumbnails&quot;,&quot;DOWNLOAD&quot;:&quot;Download&quot;,&quot;SHARE&quot;:&quot;Share&quot;,&quot;ZOOM&quot;:&quot;Zoom&quot;,&quot;EMAIL&quot;:&quot;Here is the link to the image : %%image_link%% and this is the link to the gallery : %%gallery_link%%&quot;,&quot;MODAL&quot;:&quot;You can close this modal content with the ESC key&quot;,&quot;ERROR&quot;:&quot;Something Went Wrong, Please Try Again Later&quot;,&quot;IMAGE_ERROR&quot;:&quot;Image Not Found&quot;,&quot;ELEMENT_NOT_FOUND&quot;:&quot;HTML Element Not Found&quot;,&quot;AJAX_NOT_FOUND&quot;:&quot;Error Loading AJAX : Not Found&quot;,&quot;AJAX_FORBIDDEN&quot;:&quot;Error Loading AJAX : Forbidden&quot;,&quot;IFRAME_ERROR&quot;:&quot;Error Loading Page&quot;,&quot;TOGGLE_ZOOM&quot;:&quot;Toggle zoom level&quot;,&quot;TOGGLE_THUMBS&quot;:&quot;Toggle thumbnails&quot;,&quot;TOGGLE_SLIDESHOW&quot;:&quot;Toggle slideshow&quot;,&quot;TOGGLE_FULLSCREEN&quot;:&quot;Toggle full-screen mode&quot;},&quot;Images&quot;:{&quot;Panzoom&quot;:{&quot;maxScale&quot;:2}},&quot;mainClass&quot;:&quot;modula-fancybox-container modula-lightbox-jtg-12893&quot;,&quot;Html&quot;:{&quot;videoAutoplay&quot;:0,&quot;videoTpl&quot;:&quot;&lt;video class=\\&quot;fancybox__html5video\\&quot; controls muted playsinline controlsList controlsList=\\&quot;nodownload\\&quot; poster=\\&quot;{{poster}}\\&quot; src=\\&quot;{{src}}\\&quot; type=\\&quot;{{format}}\\&quot; &gt;  Sorry, your browser doesn&#039;t support embedded videos, &lt;a href=\\&quot;{{src}}\\&quot;&gt; download &lt;\\\/a&gt; and watch with your favorite video player! &lt;\\\/video&gt;&quot;}},&quot;inView&quot;:false,&quot;email_subject&quot;:&quot;Check out this awesome image !!&quot;,&quot;email_message&quot;:&quot;Here is the link to the image : %%image_link%% and this is the link to the gallery : %%gallery_link%% &quot;,&quot;lightbox&quot;:&quot;fancybox&quot;}\">\n\n\t\n\t<div  class=\"modula-items\">\n\t\t<div class=\"modula-item effect-pufrobo\" >\n\t<div class=\"modula-item-overlay\"><\/div>\n\n\t<div class=\"modula-item-content\">\n\n\t\t\t\t\n\t\t\t\t\t<a data-image-id=\"12894\" tabindex=\"0\" rel=\"jtg-12893\" data-caption=\"\" aria-label=\"Open image in lightbox\" role=\"button\" class=\"tile-inner modula-item-link\"><\/a>\n\t\t\n\t\t<img class=\"pic wp-image-12894\"  data-valign=\"middle\" data-halign=\"center\" alt=\"\" data-full=\"https:\/\/corregidora.gob.mx\/portal\/wp-content\/uploads\/2019\/09\/photo5150218632255612988.jpg\" title=\"photo5150218632255612988\" width=\"300\" height=\"225\" src=\"https:\/\/corregidora.gob.mx\/portal\/wp-content\/uploads\/2019\/09\/photo5150218632255612988-300x225.jpg\" data-src=\"https:\/\/corregidora.gob.mx\/portal\/wp-content\/uploads\/2019\/09\/photo5150218632255612988-300x225.jpg\" data-caption=\"\" srcset=\"https:\/\/corregidora.gob.mx\/portal\/wp-content\/uploads\/2019\/09\/photo5150218632255612988.jpg 1280w, https:\/\/corregidora.gob.mx\/portal\/wp-content\/uploads\/2019\/09\/photo5150218632255612988-300x225.jpg 300w, https:\/\/corregidora.gob.mx\/portal\/wp-content\/uploads\/2019\/09\/photo5150218632255612988-768x576.jpg 768w, https:\/\/corregidora.gob.mx\/portal\/wp-content\/uploads\/2019\/09\/photo5150218632255612988-1024x768.jpg 1024w, https:\/\/corregidora.gob.mx\/portal\/wp-content\/uploads\/2019\/09\/photo5150218632255612988-20x15.jpg 20w\" sizes=\"(max-width: 300px) 100vw, 300px\" \/>\n\t\t<div class=\"figc no-description\">\n\t\t\t<div class=\"figc-inner\">\n\t\t\t\t\t\t\t\t\t<div class='jtg-title'>photo5150218632255612988<\/div>\n\t\t\t\t\t\t\t\t\t\t\t\t\t\t\t<\/div>\n\t\t<\/div>\n\n\t<\/div>\n\n<\/div><div class=\"modula-item effect-pufrobo\" >\n\t<div class=\"modula-item-overlay\"><\/div>\n\n\t<div class=\"modula-item-content\">\n\n\t\t\t\t\n\t\t\t\t\t<a data-image-id=\"12895\" tabindex=\"0\" rel=\"jtg-12893\" data-caption=\"\" aria-label=\"Open image in lightbox\" role=\"button\" class=\"tile-inner modula-item-link\"><\/a>\n\t\t\n\t\t<img class=\"pic wp-image-12895\"  data-valign=\"middle\" data-halign=\"center\" alt=\"\" data-full=\"https:\/\/corregidora.gob.mx\/portal\/wp-content\/uploads\/2019\/09\/photo5150218632255612993.jpg\" title=\"photo5150218632255612993\" width=\"300\" height=\"225\" src=\"https:\/\/corregidora.gob.mx\/portal\/wp-content\/uploads\/2019\/09\/photo5150218632255612993-300x225.jpg\" data-src=\"https:\/\/corregidora.gob.mx\/portal\/wp-content\/uploads\/2019\/09\/photo5150218632255612993-300x225.jpg\" data-caption=\"\" srcset=\"https:\/\/corregidora.gob.mx\/portal\/wp-content\/uploads\/2019\/09\/photo5150218632255612993.jpg 1280w, https:\/\/corregidora.gob.mx\/portal\/wp-content\/uploads\/2019\/09\/photo5150218632255612993-300x225.jpg 300w, https:\/\/corregidora.gob.mx\/portal\/wp-content\/uploads\/2019\/09\/photo5150218632255612993-768x576.jpg 768w, https:\/\/corregidora.gob.mx\/portal\/wp-content\/uploads\/2019\/09\/photo5150218632255612993-1024x768.jpg 1024w, https:\/\/corregidora.gob.mx\/portal\/wp-content\/uploads\/2019\/09\/photo5150218632255612993-20x15.jpg 20w\" sizes=\"(max-width: 300px) 100vw, 300px\" \/>\n\t\t<div class=\"figc no-description\">\n\t\t\t<div class=\"figc-inner\">\n\t\t\t\t\t\t\t\t\t<div class='jtg-title'>photo5150218632255612993<\/div>\n\t\t\t\t\t\t\t\t\t\t\t\t\t\t\t<\/div>\n\t\t<\/div>\n\n\t<\/div>\n\n<\/div><div class=\"modula-item effect-pufrobo\" >\n\t<div class=\"modula-item-overlay\"><\/div>\n\n\t<div class=\"modula-item-content\">\n\n\t\t\t\t\n\t\t\t\t\t<a data-image-id=\"12896\" tabindex=\"0\" rel=\"jtg-12893\" data-caption=\"\" aria-label=\"Open image in lightbox\" role=\"button\" class=\"tile-inner modula-item-link\"><\/a>\n\t\t\n\t\t<img class=\"pic wp-image-12896\"  data-valign=\"middle\" data-halign=\"center\" alt=\"\" data-full=\"https:\/\/corregidora.gob.mx\/portal\/wp-content\/uploads\/2019\/09\/photo5150218632255612994.jpg\" title=\"photo5150218632255612994\" width=\"300\" height=\"169\" src=\"https:\/\/corregidora.gob.mx\/portal\/wp-content\/uploads\/2019\/09\/photo5150218632255612994-300x169.jpg\" data-src=\"https:\/\/corregidora.gob.mx\/portal\/wp-content\/uploads\/2019\/09\/photo5150218632255612994-300x169.jpg\" data-caption=\"\" srcset=\"https:\/\/corregidora.gob.mx\/portal\/wp-content\/uploads\/2019\/09\/photo5150218632255612994.jpg 1280w, https:\/\/corregidora.gob.mx\/portal\/wp-content\/uploads\/2019\/09\/photo5150218632255612994-300x169.jpg 300w, https:\/\/corregidora.gob.mx\/portal\/wp-content\/uploads\/2019\/09\/photo5150218632255612994-768x432.jpg 768w, https:\/\/corregidora.gob.mx\/portal\/wp-content\/uploads\/2019\/09\/photo5150218632255612994-1024x576.jpg 1024w, https:\/\/corregidora.gob.mx\/portal\/wp-content\/uploads\/2019\/09\/photo5150218632255612994-20x11.jpg 20w\" sizes=\"(max-width: 300px) 100vw, 300px\" \/>\n\t\t<div class=\"figc no-description\">\n\t\t\t<div class=\"figc-inner\">\n\t\t\t\t\t\t\t\t\t<div class='jtg-title'>photo5150218632255612994<\/div>\n\t\t\t\t\t\t\t\t\t\t\t\t\t\t\t<\/div>\n\t\t<\/div>\n\n\t<\/div>\n\n<\/div><div class=\"modula-item effect-pufrobo\" >\n\t<div class=\"modula-item-overlay\"><\/div>\n\n\t<div class=\"modula-item-content\">\n\n\t\t\t\t\n\t\t\t\t\t<a data-image-id=\"12897\" tabindex=\"0\" rel=\"jtg-12893\" data-caption=\"\" aria-label=\"Open image in lightbox\" role=\"button\" class=\"tile-inner modula-item-link\"><\/a>\n\t\t\n\t\t<img class=\"pic wp-image-12897\"  data-valign=\"middle\" data-halign=\"center\" alt=\"\" data-full=\"https:\/\/corregidora.gob.mx\/portal\/wp-content\/uploads\/2019\/09\/photo5150218632255612995.jpg\" title=\"photo5150218632255612995\" width=\"300\" height=\"225\" src=\"https:\/\/corregidora.gob.mx\/portal\/wp-content\/uploads\/2019\/09\/photo5150218632255612995-300x225.jpg\" data-src=\"https:\/\/corregidora.gob.mx\/portal\/wp-content\/uploads\/2019\/09\/photo5150218632255612995-300x225.jpg\" data-caption=\"\" srcset=\"https:\/\/corregidora.gob.mx\/portal\/wp-content\/uploads\/2019\/09\/photo5150218632255612995.jpg 1280w, https:\/\/corregidora.gob.mx\/portal\/wp-content\/uploads\/2019\/09\/photo5150218632255612995-300x225.jpg 300w, https:\/\/corregidora.gob.mx\/portal\/wp-content\/uploads\/2019\/09\/photo5150218632255612995-768x576.jpg 768w, https:\/\/corregidora.gob.mx\/portal\/wp-content\/uploads\/2019\/09\/photo5150218632255612995-1024x768.jpg 1024w, https:\/\/corregidora.gob.mx\/portal\/wp-content\/uploads\/2019\/09\/photo5150218632255612995-20x15.jpg 20w\" sizes=\"(max-width: 300px) 100vw, 300px\" \/>\n\t\t<div class=\"figc no-description\">\n\t\t\t<div class=\"figc-inner\">\n\t\t\t\t\t\t\t\t\t<div class='jtg-title'>photo5150218632255612995<\/div>\n\t\t\t\t\t\t\t\t\t\t\t\t\t\t\t<\/div>\n\t\t<\/div>\n\n\t<\/div>\n\n<\/div><div class=\"modula-item effect-pufrobo\" >\n\t<div class=\"modula-item-overlay\"><\/div>\n\n\t<div class=\"modula-item-content\">\n\n\t\t\t\t\n\t\t\t\t\t<a data-image-id=\"12898\" tabindex=\"0\" rel=\"jtg-12893\" data-caption=\"\" aria-label=\"Open image in lightbox\" role=\"button\" class=\"tile-inner modula-item-link\"><\/a>\n\t\t\n\t\t<img class=\"pic wp-image-12898\"  data-valign=\"middle\" data-halign=\"center\" alt=\"\" data-full=\"https:\/\/corregidora.gob.mx\/portal\/wp-content\/uploads\/2019\/09\/photo5152470432069298154.jpg\" title=\"photo5152470432069298154\" width=\"300\" height=\"225\" src=\"https:\/\/corregidora.gob.mx\/portal\/wp-content\/uploads\/2019\/09\/photo5152470432069298154-300x225.jpg\" data-src=\"https:\/\/corregidora.gob.mx\/portal\/wp-content\/uploads\/2019\/09\/photo5152470432069298154-300x225.jpg\" data-caption=\"\" srcset=\"https:\/\/corregidora.gob.mx\/portal\/wp-content\/uploads\/2019\/09\/photo5152470432069298154.jpg 1280w, https:\/\/corregidora.gob.mx\/portal\/wp-content\/uploads\/2019\/09\/photo5152470432069298154-300x225.jpg 300w, https:\/\/corregidora.gob.mx\/portal\/wp-content\/uploads\/2019\/09\/photo5152470432069298154-768x576.jpg 768w, https:\/\/corregidora.gob.mx\/portal\/wp-content\/uploads\/2019\/09\/photo5152470432069298154-1024x768.jpg 1024w, https:\/\/corregidora.gob.mx\/portal\/wp-content\/uploads\/2019\/09\/photo5152470432069298154-20x15.jpg 20w\" sizes=\"(max-width: 300px) 100vw, 300px\" \/>\n\t\t<div class=\"figc no-description\">\n\t\t\t<div class=\"figc-inner\">\n\t\t\t\t\t\t\t\t\t<div class='jtg-title'>photo5152470432069298154<\/div>\n\t\t\t\t\t\t\t\t\t\t\t\t\t\t\t<\/div>\n\t\t<\/div>\n\n\t<\/div>\n\n<\/div><div class=\"modula-item effect-pufrobo\" >\n\t<div class=\"modula-item-overlay\"><\/div>\n\n\t<div class=\"modula-item-content\">\n\n\t\t\t\t\n\t\t\t\t\t<a data-image-id=\"12899\" tabindex=\"0\" rel=\"jtg-12893\" data-caption=\"\" aria-label=\"Open image in lightbox\" role=\"button\" class=\"tile-inner modula-item-link\"><\/a>\n\t\t\n\t\t<img class=\"pic wp-image-12899\"  data-valign=\"middle\" data-halign=\"center\" alt=\"\" data-full=\"https:\/\/corregidora.gob.mx\/portal\/wp-content\/uploads\/2019\/09\/photo5152470432069298158.jpg\" title=\"photo5152470432069298158\" width=\"300\" height=\"225\" src=\"https:\/\/corregidora.gob.mx\/portal\/wp-content\/uploads\/2019\/09\/photo5152470432069298158-300x225.jpg\" data-src=\"https:\/\/corregidora.gob.mx\/portal\/wp-content\/uploads\/2019\/09\/photo5152470432069298158-300x225.jpg\" data-caption=\"\" srcset=\"https:\/\/corregidora.gob.mx\/portal\/wp-content\/uploads\/2019\/09\/photo5152470432069298158.jpg 1280w, https:\/\/corregidora.gob.mx\/portal\/wp-content\/uploads\/2019\/09\/photo5152470432069298158-300x225.jpg 300w, https:\/\/corregidora.gob.mx\/portal\/wp-content\/uploads\/2019\/09\/photo5152470432069298158-768x576.jpg 768w, https:\/\/corregidora.gob.mx\/portal\/wp-content\/uploads\/2019\/09\/photo5152470432069298158-1024x768.jpg 1024w, https:\/\/corregidora.gob.mx\/portal\/wp-content\/uploads\/2019\/09\/photo5152470432069298158-20x15.jpg 20w\" sizes=\"(max-width: 300px) 100vw, 300px\" \/>\n\t\t<div class=\"figc no-description\">\n\t\t\t<div class=\"figc-inner\">\n\t\t\t\t\t\t\t\t\t<div class='jtg-title'>photo5152470432069298158<\/div>\n\t\t\t\t\t\t\t\t\t\t\t\t\t\t\t<\/div>\n\t\t<\/div>\n\n\t<\/div>\n\n<\/div>\t\t\n\t<\/div>\n\n\t\n\t\n\t<script type=\"application\/ld+json\">\n\t{\n\t\t\"@context\": \"http:\/\/schema.org\",\n\t\t\"@type\"   : \"ImageGallery\",\n\t\t\"id\"      : \"https:\/\/corregidora.gob.mx\/portal\/entrega-roberto-sosa-subcomandancia-en-cumbres-del-roble\/\",\n\t\t\"url\"     : \"https:\/\/corregidora.gob.mx\/portal\/entrega-roberto-sosa-subcomandancia-en-cumbres-del-roble\/\"\n\t}\n\n\t<\/script>\n\n\t\n<\/div>\n","protected":false},"excerpt":{"rendered":"<p>Realiza recorrido de supervisi\u00f3n en m\u00f3dulo de Los \u00c1ngeles<\/p>\n","protected":false},"author":15,"featured_media":12895,"comment_status":"closed","ping_status":"closed","sticky":false,"template":"","format":"standard","meta":[],"categories":[234],"tags":[],"_links":{"self":[{"href":"https:\/\/corregidora.gob.mx\/portal\/wp-json\/wp\/v2\/posts\/12900"}],"collection":[{"href":"https:\/\/corregidora.gob.mx\/portal\/wp-json\/wp\/v2\/posts"}],"about":[{"href":"https:\/\/corregidora.gob.mx\/portal\/wp-json\/wp\/v2\/types\/post"}],"author":[{"embeddable":true,"href":"https:\/\/corregidora.gob.mx\/portal\/wp-json\/wp\/v2\/users\/15"}],"replies":[{"embeddable":true,"href":"https:\/\/corregidora.gob.mx\/portal\/wp-json\/wp\/v2\/comments?post=12900"}],"version-history":[{"count":1,"href":"https:\/\/corregidora.gob.mx\/portal\/wp-json\/wp\/v2\/posts\/12900\/revisions"}],"predecessor-version":[{"id":12901,"href":"https:\/\/corregidora.gob.mx\/portal\/wp-json\/wp\/v2\/posts\/12900\/revisions\/12901"}],"wp:featuredmedia":[{"embeddable":true,"href":"https:\/\/corregidora.gob.mx\/portal\/wp-json\/wp\/v2\/media\/12895"}],"wp:attachment":[{"href":"https:\/\/corregidora.gob.mx\/portal\/wp-json\/wp\/v2\/media?parent=12900"}],"wp:term":[{"taxonomy":"category","embeddable":true,"href":"https:\/\/corregidora.gob.mx\/portal\/wp-json\/wp\/v2\/categories?post=12900"},{"taxonomy":"post_tag","embeddable":true,"href":"https:\/\/corregidora.gob.mx\/portal\/wp-json\/wp\/v2\/tags?post=12900"}],"curies":[{"name":"wp","href":"https:\/\/api.w.org\/{rel}","templated":true}]}}