{"id":12630,"date":"2019-07-23T13:40:46","date_gmt":"2019-07-23T18:40:46","guid":{"rendered":"http:\/\/www.corregidora.gob.mx\/portal\/?p=12630"},"modified":"2019-07-29T11:43:59","modified_gmt":"2019-07-29T16:43:59","slug":"anuncian-actividades-por-mes-de-la-juventud","status":"publish","type":"post","link":"https:\/\/corregidora.gob.mx\/portal\/anuncian-actividades-por-mes-de-la-juventud\/","title":{"rendered":"Anuncian actividades por Mes de la Juventud"},"content":{"rendered":"<ul>\n<li><em>Talleres, presentaciones culturales y voluntariados para conmemorar el D\u00eda de la Juventud durante todo el mes de agosto.<\/em><\/li>\n<\/ul>\n<p><!--more--><\/p>\n<p>El director del Instituto Municipal de la Juventud de Corregidora, Ricardo de la Vega, dio a conocer el calendario de actividades programadas para agosto con motivo del \u201cMes de la Juventud\u201d.<\/p>\n<p>\u201cEl 12 de agosto es el d\u00eda dedicado a la juventud, pero decidimos festejar todo el mes con eventos, talleres y programas. Tendremos m\u00e1s de 15 eventos durante todo el mes\u201d, explic\u00f3 en rueda de prensa en donde estuvo acompa\u00f1ado por el secretario de Gobierno, Mauricio Herbert Pesquera y el secretario t\u00e9cnico de Desarrollo Social, Francisco Carrasco.<\/p>\n<p>Indic\u00f3 que comienzan con la rehabilitaci\u00f3n de espacios en Santa B\u00e1rbara el 03 de agosto, en horario de 08:00 a 13:00 horas, con la participaci\u00f3n de m\u00e1s de 30 j\u00f3venes voluntarios del municipio, y contin\u00faan el mi\u00e9rcoles 7 de agosto con el foro denominado 1,2,3 por las Juventudes, de 8 a 13 horas, con una activaci\u00f3n de la \u201cOla Juventud\u201d en el Patio de los Aguacates, y el apoyo de la Secretar\u00eda de la Juventud del Gobierno del Estado y del CESAM.<\/p>\n<p>\u201cDaremos una pl\u00e1tica a funcionarios p\u00fablicos del municipio de Corregidora y contaremos con la presencia de m\u00e1s de 40 instancias municipales. La idea de este foro es sensibilizar a los servidores p\u00fablicos del municipio, de que las y los j\u00f3venes son importantes para la administraci\u00f3n, en este foro daremos talleres y pl\u00e1ticas sobre perspectiva de juventudes, prevenci\u00f3n de suicidio y prevenci\u00f3n de adicciones\u201d.<\/p>\n<p>El 11 y 25 de agosto, habr\u00e1 diversas presentaciones de baile folcl\u00f3rico en el Jard\u00edn Principal, donde participar\u00e1n los grupos Tonantzin e Identidad Mexicana, y explic\u00f3 que la idea es brindar espacios de expresi\u00f3n art\u00edstica a los j\u00f3venes, a trav\u00e9s del talento local.<\/p>\n<p>Contin\u00faan el lunes 12 de agosto con la \u201cOla Juventud\u201d, en el marco del D\u00eda Internacional de la Juventud, y se trata de un evento que se llevar\u00e1 a cabo en el parque ExPante\u00f3n ubicado en Pedro Urtiaga en el centro de El Pueblito, con la participaci\u00f3n de m\u00e1s de 100 j\u00f3venes que han sido beneficiados con los programas del instituto, \u201cel fin es generar redes de apoyo\u201d.<\/p>\n<p>Adem\u00e1s se llevar\u00e1 a cabo el 17 de agosto el \u201cTianguis Cultural Emergente\u201d en el Jard\u00edn Principal de El Pueblito, donde se presentar\u00e1n j\u00f3venes emprendedores que ofrecer\u00e1n sus productos a partir de las 2 de la tarde y hasta las 7 de la noche, as\u00ed como presentaciones musicales.<\/p>\n<p>Posteriormente el d\u00eda 22 se realizar\u00e1 un voluntariado en el asilo San Francisco de As\u00eds en la cabecera municipal; el mi\u00e9rcoles 28 de agosto la Feria de Prevenci\u00f3n en el CETAC, ubicado en La Negreta con la participaci\u00f3n de 180 alumnos que conocer\u00e1n los factores de riesgo y su prevenci\u00f3n, para lo cual se impartir\u00e1n talleres sobre sexualidad, derechos humanos, prevenci\u00f3n de adicciones y prevenci\u00f3n de suicidio; as\u00ed como un mini torneo de futbol una clase de dibujo, una de ajedrez y de baile.<\/p>\n<p>Finalmente se contempla realizar una cabalgata con el fin de fomentar la charrer\u00eda que es el deporte nacional y en Corregidora tiene un arraigo importante.<\/p>\n<p>\u201cPara la Ola Juventud que es el 12 de agosto, tendremos diversas activaciones en diversos puntos estrat\u00e9gicos del municipio, la idea es dar a conocer a toda la ciudadan\u00eda que hay un Instituto Municipal de la Juventud, vamos a hacer cruceros, activaciones f\u00edsicas y actividades en las principales avenidas\u201d.<\/p>\n<p>Mauricio Herbert Pesquera consider\u00f3 que es un programa muy completo ya que contiene actividades culturales, recreativas, deportivas pero tambi\u00e9n est\u00e1n dirigidos a grupos sociales con actividades preventivas.<\/p>\n<p>\u201cEs importante que tambi\u00e9n los han involucrado en actividades de car\u00e1cter social, de ayuda, de prevenci\u00f3n, de involucrarse en colonias para mejorar el entorno, de cuidado al medio ambiente, todo este trabajo que est\u00e1n haciendo con la visita a los asilos o talleres de prevenci\u00f3n es sin duda important\u00edsimo\u201d, expres\u00f3 el funcionario.<\/p>\n<style>#jtg-12625 .modula-item .jtg-social a, .lightbox-socials.jtg-social a{ fill: #ffffff; color: #ffffff }#jtg-12625 .modula-item .jtg-social-mobile a{ fill: #ffffff; color: #ffffff }#jtg-12625 .modula-item .jtg-social svg, .lightbox-socials.jtg-social svg { height: 16px; width: 16px }#jtg-12625 .modula-item .jtg-social-mobile svg { height: 16px; width: 16px }#jtg-12625 .modula-item .jtg-social a:not(:last-child), .lightbox-socials.jtg-social a:not(:last-child) { margin-right: 10px }#jtg-12625 .modula-item .jtg-social-mobile .jtg-social-mobile-icons a:not(:last-child){ margin-right: 10px }#jtg-12625 .modula-item .figc {color:#ffffff;}#jtg-12625 .modula-item .modula-item-content { transform: scale(1) }#jtg-12625 { width:100%;}#jtg-12625 .modula-items{height:800px;}@media screen and (max-width: 992px) {#jtg-12625 .modula-items{height:800px;}}@media screen and (max-width: 768px) {#jtg-12625 .modula-items{height:800px;}}#jtg-12625 .modula-items .figc p.description { font-size:14px; }#jtg-12625 .modula-items .figc p.description { color:#ffffff;}#jtg-12625 .modula-items .figc .jtg-title { color:#ffffff; }#jtg-12625.modula-gallery .modula-item > a, #jtg-12625.modula-gallery .modula-item, #jtg-12625.modula-gallery .modula-item-content > a:not(.modula-no-follow) { cursor:zoom-in; } #jtg-12625.modula-gallery .modula-item-content .modula-no-follow { cursor: default; } @media screen and (max-width:480px){#jtg-12625 .modula-item .figc .jtg-title {  font-size: 12px; }#jtg-12625 .modula-items .figc p.description { color:#ffffff;font-size:10px; }}<\/style>\n<div  id=\"jtg-12625\" class=\"modula modula-gallery modula-creative-gallery\" data-config=\"{&quot;height&quot;:800,&quot;tabletHeight&quot;:800,&quot;mobileHeight&quot;:800,&quot;desktopHeight&quot;:800,&quot;enableTwitter&quot;:true,&quot;enableWhatsapp&quot;:false,&quot;enableFacebook&quot;:true,&quot;enablePinterest&quot;:true,&quot;enableLinkedin&quot;:false,&quot;enableEmail&quot;:false,&quot;randomFactor&quot;:0.5,&quot;type&quot;:&quot;creative-gallery&quot;,&quot;columns&quot;:12,&quot;gutter&quot;:10,&quot;mobileGutter&quot;:10,&quot;tabletGutter&quot;:10,&quot;desktopGutter&quot;:10,&quot;enableResponsive&quot;:&quot;0&quot;,&quot;tabletColumns&quot;:&quot;2&quot;,&quot;mobileColumns&quot;:&quot;1&quot;,&quot;lazyLoad&quot;:&quot;0&quot;,&quot;lightboxOpts&quot;:{&quot;animated&quot;:true,&quot;Thumbs&quot;:{&quot;type&quot;:&quot;modern&quot;,&quot;showOnStart&quot;:false},&quot;Toolbar&quot;:{&quot;display&quot;:{&quot;right&quot;:[&quot;close&quot;]},&quot;enabled&quot;:true},&quot;Carousel&quot;:{&quot;Panzoom&quot;:{&quot;touch&quot;:false},&quot;infinite&quot;:false},&quot;keyboard&quot;:{&quot;Escape&quot;:&quot;close&quot;,&quot;Delete&quot;:&quot;close&quot;,&quot;Backspace&quot;:&quot;close&quot;,&quot;PageUp&quot;:false,&quot;PageDown&quot;:false,&quot;ArrowUp&quot;:false,&quot;ArrowDown&quot;:false,&quot;ArrowRight&quot;:false,&quot;ArrowLeft&quot;:false},&quot;touch&quot;:false,&quot;backdropClick&quot;:false,&quot;l10n&quot;:{&quot;CLOSE&quot;:&quot;Close&quot;,&quot;NEXT&quot;:&quot;Next&quot;,&quot;PREV&quot;:&quot;Previous&quot;,&quot;Error&quot;:&quot;The requested content cannot be loaded. Please try again later.&quot;,&quot;PLAY_START&quot;:&quot;Start slideshow&quot;,&quot;PLAY_STOP&quot;:&quot;Pause slideshow&quot;,&quot;FULL_SCREEN&quot;:&quot;Full screen&quot;,&quot;THUMBS&quot;:&quot;Thumbnails&quot;,&quot;DOWNLOAD&quot;:&quot;Download&quot;,&quot;SHARE&quot;:&quot;Share&quot;,&quot;ZOOM&quot;:&quot;Zoom&quot;,&quot;EMAIL&quot;:&quot;Here is the link to the image : %%image_link%% and this is the link to the gallery : %%gallery_link%%&quot;,&quot;MODAL&quot;:&quot;You can close this modal content with the ESC key&quot;,&quot;ERROR&quot;:&quot;Something Went Wrong, Please Try Again Later&quot;,&quot;IMAGE_ERROR&quot;:&quot;Image Not Found&quot;,&quot;ELEMENT_NOT_FOUND&quot;:&quot;HTML Element Not Found&quot;,&quot;AJAX_NOT_FOUND&quot;:&quot;Error Loading AJAX : Not Found&quot;,&quot;AJAX_FORBIDDEN&quot;:&quot;Error Loading AJAX : Forbidden&quot;,&quot;IFRAME_ERROR&quot;:&quot;Error Loading Page&quot;,&quot;TOGGLE_ZOOM&quot;:&quot;Toggle zoom level&quot;,&quot;TOGGLE_THUMBS&quot;:&quot;Toggle thumbnails&quot;,&quot;TOGGLE_SLIDESHOW&quot;:&quot;Toggle slideshow&quot;,&quot;TOGGLE_FULLSCREEN&quot;:&quot;Toggle full-screen mode&quot;},&quot;Images&quot;:{&quot;Panzoom&quot;:{&quot;maxScale&quot;:2}},&quot;mainClass&quot;:&quot;modula-fancybox-container modula-lightbox-jtg-12625&quot;,&quot;Html&quot;:{&quot;videoAutoplay&quot;:0,&quot;videoTpl&quot;:&quot;&lt;video class=\\&quot;fancybox__html5video\\&quot; controls muted playsinline controlsList controlsList=\\&quot;nodownload\\&quot; poster=\\&quot;{{poster}}\\&quot; src=\\&quot;{{src}}\\&quot; type=\\&quot;{{format}}\\&quot; &gt;  Sorry, your browser doesn&#039;t support embedded videos, &lt;a href=\\&quot;{{src}}\\&quot;&gt; download &lt;\\\/a&gt; and watch with your favorite video player! &lt;\\\/video&gt;&quot;}},&quot;inView&quot;:false,&quot;email_subject&quot;:&quot;Check out this awesome image !!&quot;,&quot;email_message&quot;:&quot;Here is the link to the image : %%image_link%% and this is the link to the gallery : %%gallery_link%% &quot;,&quot;lightbox&quot;:&quot;fancybox&quot;}\">\n\n\t\n\t<div  class=\"modula-items\">\n\t\t<div class=\"modula-item effect-pufrobo\" >\n\t<div class=\"modula-item-overlay\"><\/div>\n\n\t<div class=\"modula-item-content\">\n\n\t\t\t\t\n\t\t\t\t\t<a data-image-id=\"12626\" tabindex=\"0\" rel=\"jtg-12625\" data-caption=\"\" aria-label=\"Open image in lightbox\" role=\"button\" class=\"tile-inner modula-item-link\"><\/a>\n\t\t\n\t\t<img class=\"pic wp-image-12626\"  data-valign=\"middle\" data-halign=\"center\" alt=\"\" data-full=\"https:\/\/corregidora.gob.mx\/portal\/wp-content\/uploads\/2019\/07\/photo5024014110639106059.jpg\" title=\"photo5024014110639106059\" width=\"300\" height=\"200\" src=\"https:\/\/corregidora.gob.mx\/portal\/wp-content\/uploads\/2019\/07\/photo5024014110639106059-300x200.jpg\" data-src=\"https:\/\/corregidora.gob.mx\/portal\/wp-content\/uploads\/2019\/07\/photo5024014110639106059-300x200.jpg\" data-caption=\"\" srcset=\"https:\/\/corregidora.gob.mx\/portal\/wp-content\/uploads\/2019\/07\/photo5024014110639106059.jpg 1280w, https:\/\/corregidora.gob.mx\/portal\/wp-content\/uploads\/2019\/07\/photo5024014110639106059-300x200.jpg 300w, https:\/\/corregidora.gob.mx\/portal\/wp-content\/uploads\/2019\/07\/photo5024014110639106059-768x512.jpg 768w, https:\/\/corregidora.gob.mx\/portal\/wp-content\/uploads\/2019\/07\/photo5024014110639106059-1024x682.jpg 1024w, https:\/\/corregidora.gob.mx\/portal\/wp-content\/uploads\/2019\/07\/photo5024014110639106059-20x13.jpg 20w\" sizes=\"(max-width: 300px) 100vw, 300px\" \/>\n\t\t<div class=\"figc no-description\">\n\t\t\t<div class=\"figc-inner\">\n\t\t\t\t\t\t\t\t\t<div class='jtg-title'>photo5024014110639106059<\/div>\n\t\t\t\t\t\t\t\t\t\t\t\t\t\t\t<\/div>\n\t\t<\/div>\n\n\t<\/div>\n\n<\/div><div class=\"modula-item effect-pufrobo\" >\n\t<div class=\"modula-item-overlay\"><\/div>\n\n\t<div class=\"modula-item-content\">\n\n\t\t\t\t\n\t\t\t\t\t<a data-image-id=\"12627\" tabindex=\"0\" rel=\"jtg-12625\" data-caption=\"\" aria-label=\"Open image in lightbox\" role=\"button\" class=\"tile-inner modula-item-link\"><\/a>\n\t\t\n\t\t<img class=\"pic wp-image-12627\"  data-valign=\"middle\" data-halign=\"center\" alt=\"\" data-full=\"https:\/\/corregidora.gob.mx\/portal\/wp-content\/uploads\/2019\/07\/photo5024014110639106060.jpg\" title=\"photo5024014110639106060\" width=\"300\" height=\"200\" src=\"https:\/\/corregidora.gob.mx\/portal\/wp-content\/uploads\/2019\/07\/photo5024014110639106060-300x200.jpg\" data-src=\"https:\/\/corregidora.gob.mx\/portal\/wp-content\/uploads\/2019\/07\/photo5024014110639106060-300x200.jpg\" data-caption=\"\" srcset=\"https:\/\/corregidora.gob.mx\/portal\/wp-content\/uploads\/2019\/07\/photo5024014110639106060.jpg 1280w, https:\/\/corregidora.gob.mx\/portal\/wp-content\/uploads\/2019\/07\/photo5024014110639106060-300x200.jpg 300w, https:\/\/corregidora.gob.mx\/portal\/wp-content\/uploads\/2019\/07\/photo5024014110639106060-768x512.jpg 768w, https:\/\/corregidora.gob.mx\/portal\/wp-content\/uploads\/2019\/07\/photo5024014110639106060-1024x682.jpg 1024w, https:\/\/corregidora.gob.mx\/portal\/wp-content\/uploads\/2019\/07\/photo5024014110639106060-20x13.jpg 20w\" sizes=\"(max-width: 300px) 100vw, 300px\" \/>\n\t\t<div class=\"figc no-description\">\n\t\t\t<div class=\"figc-inner\">\n\t\t\t\t\t\t\t\t\t<div class='jtg-title'>photo5024014110639106060<\/div>\n\t\t\t\t\t\t\t\t\t\t\t\t\t\t\t<\/div>\n\t\t<\/div>\n\n\t<\/div>\n\n<\/div><div class=\"modula-item effect-pufrobo\" >\n\t<div class=\"modula-item-overlay\"><\/div>\n\n\t<div class=\"modula-item-content\">\n\n\t\t\t\t\n\t\t\t\t\t<a data-image-id=\"12628\" tabindex=\"0\" rel=\"jtg-12625\" data-caption=\"\" aria-label=\"Open image in lightbox\" role=\"button\" class=\"tile-inner modula-item-link\"><\/a>\n\t\t\n\t\t<img class=\"pic wp-image-12628\"  data-valign=\"middle\" data-halign=\"center\" alt=\"\" data-full=\"https:\/\/corregidora.gob.mx\/portal\/wp-content\/uploads\/2019\/07\/photo5024014110639106061.jpg\" title=\"photo5024014110639106061\" width=\"300\" height=\"200\" src=\"https:\/\/corregidora.gob.mx\/portal\/wp-content\/uploads\/2019\/07\/photo5024014110639106061-300x200.jpg\" data-src=\"https:\/\/corregidora.gob.mx\/portal\/wp-content\/uploads\/2019\/07\/photo5024014110639106061-300x200.jpg\" data-caption=\"\" srcset=\"https:\/\/corregidora.gob.mx\/portal\/wp-content\/uploads\/2019\/07\/photo5024014110639106061.jpg 1280w, https:\/\/corregidora.gob.mx\/portal\/wp-content\/uploads\/2019\/07\/photo5024014110639106061-300x200.jpg 300w, https:\/\/corregidora.gob.mx\/portal\/wp-content\/uploads\/2019\/07\/photo5024014110639106061-768x512.jpg 768w, https:\/\/corregidora.gob.mx\/portal\/wp-content\/uploads\/2019\/07\/photo5024014110639106061-1024x682.jpg 1024w, https:\/\/corregidora.gob.mx\/portal\/wp-content\/uploads\/2019\/07\/photo5024014110639106061-20x13.jpg 20w\" sizes=\"(max-width: 300px) 100vw, 300px\" \/>\n\t\t<div class=\"figc no-description\">\n\t\t\t<div class=\"figc-inner\">\n\t\t\t\t\t\t\t\t\t<div class='jtg-title'>photo5024014110639106061<\/div>\n\t\t\t\t\t\t\t\t\t\t\t\t\t\t\t<\/div>\n\t\t<\/div>\n\n\t<\/div>\n\n<\/div><div class=\"modula-item effect-pufrobo\" >\n\t<div class=\"modula-item-overlay\"><\/div>\n\n\t<div class=\"modula-item-content\">\n\n\t\t\t\t\n\t\t\t\t\t<a data-image-id=\"12629\" tabindex=\"0\" rel=\"jtg-12625\" data-caption=\"\" aria-label=\"Open image in lightbox\" role=\"button\" class=\"tile-inner modula-item-link\"><\/a>\n\t\t\n\t\t<img class=\"pic wp-image-12629\"  data-valign=\"middle\" data-halign=\"center\" alt=\"\" data-full=\"https:\/\/corregidora.gob.mx\/portal\/wp-content\/uploads\/2019\/07\/photo5024014110639106062.jpg\" title=\"photo5024014110639106062\" width=\"300\" height=\"201\" src=\"https:\/\/corregidora.gob.mx\/portal\/wp-content\/uploads\/2019\/07\/photo5024014110639106062-300x201.jpg\" data-src=\"https:\/\/corregidora.gob.mx\/portal\/wp-content\/uploads\/2019\/07\/photo5024014110639106062-300x201.jpg\" data-caption=\"\" srcset=\"https:\/\/corregidora.gob.mx\/portal\/wp-content\/uploads\/2019\/07\/photo5024014110639106062.jpg 1280w, https:\/\/corregidora.gob.mx\/portal\/wp-content\/uploads\/2019\/07\/photo5024014110639106062-300x201.jpg 300w, https:\/\/corregidora.gob.mx\/portal\/wp-content\/uploads\/2019\/07\/photo5024014110639106062-768x515.jpg 768w, https:\/\/corregidora.gob.mx\/portal\/wp-content\/uploads\/2019\/07\/photo5024014110639106062-1024x686.jpg 1024w, https:\/\/corregidora.gob.mx\/portal\/wp-content\/uploads\/2019\/07\/photo5024014110639106062-20x13.jpg 20w\" sizes=\"(max-width: 300px) 100vw, 300px\" \/>\n\t\t<div class=\"figc no-description\">\n\t\t\t<div class=\"figc-inner\">\n\t\t\t\t\t\t\t\t\t<div class='jtg-title'>photo5024014110639106062<\/div>\n\t\t\t\t\t\t\t\t\t\t\t\t\t\t\t<\/div>\n\t\t<\/div>\n\n\t<\/div>\n\n<\/div>\t\t\n\t<\/div>\n\n\t\n\t\n\t<script type=\"application\/ld+json\">\n\t{\n\t\t\"@context\": \"http:\/\/schema.org\",\n\t\t\"@type\"   : \"ImageGallery\",\n\t\t\"id\"      : \"https:\/\/corregidora.gob.mx\/portal\/anuncian-actividades-por-mes-de-la-juventud\/\",\n\t\t\"url\"     : \"https:\/\/corregidora.gob.mx\/portal\/anuncian-actividades-por-mes-de-la-juventud\/\"\n\t}\n\n\t<\/script>\n\n\t\n<\/div>\n","protected":false},"excerpt":{"rendered":"<p>Talleres, presentaciones culturales y voluntariados para conmemorar el D\u00eda de la Juventud durante todo el mes de agosto.<\/p>\n","protected":false},"author":15,"featured_media":12629,"comment_status":"closed","ping_status":"open","sticky":false,"template":"","format":"standard","meta":[],"categories":[234],"tags":[],"_links":{"self":[{"href":"https:\/\/corregidora.gob.mx\/portal\/wp-json\/wp\/v2\/posts\/12630"}],"collection":[{"href":"https:\/\/corregidora.gob.mx\/portal\/wp-json\/wp\/v2\/posts"}],"about":[{"href":"https:\/\/corregidora.gob.mx\/portal\/wp-json\/wp\/v2\/types\/post"}],"author":[{"embeddable":true,"href":"https:\/\/corregidora.gob.mx\/portal\/wp-json\/wp\/v2\/users\/15"}],"replies":[{"embeddable":true,"href":"https:\/\/corregidora.gob.mx\/portal\/wp-json\/wp\/v2\/comments?post=12630"}],"version-history":[{"count":1,"href":"https:\/\/corregidora.gob.mx\/portal\/wp-json\/wp\/v2\/posts\/12630\/revisions"}],"predecessor-version":[{"id":12631,"href":"https:\/\/corregidora.gob.mx\/portal\/wp-json\/wp\/v2\/posts\/12630\/revisions\/12631"}],"wp:featuredmedia":[{"embeddable":true,"href":"https:\/\/corregidora.gob.mx\/portal\/wp-json\/wp\/v2\/media\/12629"}],"wp:attachment":[{"href":"https:\/\/corregidora.gob.mx\/portal\/wp-json\/wp\/v2\/media?parent=12630"}],"wp:term":[{"taxonomy":"category","embeddable":true,"href":"https:\/\/corregidora.gob.mx\/portal\/wp-json\/wp\/v2\/categories?post=12630"},{"taxonomy":"post_tag","embeddable":true,"href":"https:\/\/corregidora.gob.mx\/portal\/wp-json\/wp\/v2\/tags?post=12630"}],"curies":[{"name":"wp","href":"https:\/\/api.w.org\/{rel}","templated":true}]}}