{"id":10039,"date":"2019-04-09T11:16:27","date_gmt":"2019-04-09T16:16:27","guid":{"rendered":"http:\/\/www.corregidora.gob.mx\/portal\/?p=10039"},"modified":"2019-04-10T16:38:23","modified_gmt":"2019-04-10T21:38:23","slug":"el-factor-humano-es-el-mas-importante-de-una-organizacion-roberto-sosa","status":"publish","type":"post","link":"https:\/\/corregidora.gob.mx\/portal\/el-factor-humano-es-el-mas-importante-de-una-organizacion-roberto-sosa\/","title":{"rendered":"El factor humano es el m\u00e1s importante de una organizaci\u00f3n: Roberto Sosa"},"content":{"rendered":"<ul>\n<li><em>Promueven fortalecimiento de trabajo en equipo, respeto a los Derechos Humanos y responsabilidad, en el programa \u201cMes con Valor\u201d<\/em><br \/>\n<!--more--><\/li>\n<\/ul>\n<p>Se llev\u00f3 a cabo el programa \u201cMes con Valor\u201d, evento encabezado por el presidente municipal de Corregidora, Roberto Sosa Pichardo, quien refiri\u00f3 la importancia que tienen las personas dentro de una organizaci\u00f3n y llam\u00f3 a los servidores p\u00fablicos a seguir trabajando para hacer de este, un municipio del m\u00e1s alto nivel.<\/p>\n<p>\u201cEl factor m\u00e1s importante que puede tener una organizaci\u00f3n es el factor humano, porque podemos tener recursos, tecnolog\u00eda, log\u00edstica, pero si no tuvi\u00e9ramos el equipo que hoy tenemos, no podr\u00edamos estar dando los resultados que hoy estamos consiguiendo\u201d, expres\u00f3 el alcalde durante su mensaje.<\/p>\n<p>Agreg\u00f3 que las buenas noticias en Corregidora se deben a una combinaci\u00f3n de factores, en donde el equipo es muy importante, por lo que es justo reconocer su trabajo, y al mismo tiempo hizo un llamado a los servidores p\u00fablicos a cuidar su empleo y seguir dando su m\u00e1ximo esfuerzo.<\/p>\n<p>\u00d3scar Garc\u00eda Gonz\u00e1lez, secretario de Control Interno y Combate a la Corrupci\u00f3n en el Municipio agradeci\u00f3 al Ayuntamiento por haber confiado y aprobado el Programa Estrat\u00e9gico Anticorrupci\u00f3n, mismo que contempla la prevenci\u00f3n en el servicio p\u00fablico, y a trav\u00e9s del comit\u00e9 de \u00e9tica se determinaron los valores a fortalecer dentro de la administraci\u00f3n, ya que van m\u00e1s all\u00e1 del cargo y se busca que estos se vuelvan un h\u00e1bito.<\/p>\n<p>Los valores de trabajo en equipo; respeto a los Derechos Humanos y responsabilidad, son los que se promovieron para su fortalecimiento durante los meses de enero, febrero y marzo, respectivamente.<\/p>\n<style>#jtg-136 .modula-item .jtg-social a, .lightbox-socials.jtg-social a{ fill: #ffffff; color: #ffffff }#jtg-136 .modula-item .jtg-social-mobile a{ fill: #ffffff; color: #ffffff }#jtg-136 .modula-item .jtg-social svg, .lightbox-socials.jtg-social svg { height: 16px; width: 16px }#jtg-136 .modula-item .jtg-social-mobile svg { height: 16px; width: 16px }#jtg-136 .modula-item .jtg-social a:not(:last-child), .lightbox-socials.jtg-social a:not(:last-child) { margin-right: 10px }#jtg-136 .modula-item .jtg-social-mobile .jtg-social-mobile-icons a:not(:last-child){ margin-right: 10px }#jtg-136 .modula-item .figc {color:#ffffff;}#jtg-136 .modula-item .figc .jtg-title {  font-size: 16px; }#jtg-136 .modula-item .modula-item-content { transform: scale(1) }#jtg-136 { width:100%;}#jtg-136 .modula-items{height:800px;}@media screen and (max-width: 992px) {#jtg-136 .modula-items{height:800px;}}@media screen and (max-width: 768px) {#jtg-136 .modula-items{height:800px;}}#jtg-136 .modula-items .figc p.description { font-size:14px; }#jtg-136 .modula-items .figc p.description { color:#ffffff;}#jtg-136 .modula-items .figc .jtg-title { color:#ffffff; }#jtg-136.modula-gallery .modula-item > a, #jtg-136.modula-gallery .modula-item, #jtg-136.modula-gallery .modula-item-content > a:not(.modula-no-follow) { cursor:zoom-in; } #jtg-136.modula-gallery .modula-item-content .modula-no-follow { cursor: default; } @media screen and (max-width:480px){#jtg-136 .modula-item .figc .jtg-title {  font-size: 12px; }#jtg-136 .modula-items .figc p.description { color:#ffffff;font-size:10px; }}<\/style>\n<div  id=\"jtg-136\" class=\"modula modula-gallery modula-creative-gallery\" data-config=\"{&quot;height&quot;:800,&quot;tabletHeight&quot;:800,&quot;mobileHeight&quot;:800,&quot;desktopHeight&quot;:800,&quot;enableTwitter&quot;:true,&quot;enableWhatsapp&quot;:false,&quot;enableFacebook&quot;:true,&quot;enablePinterest&quot;:true,&quot;enableLinkedin&quot;:false,&quot;enableEmail&quot;:false,&quot;randomFactor&quot;:0.5,&quot;type&quot;:&quot;creative-gallery&quot;,&quot;columns&quot;:12,&quot;gutter&quot;:10,&quot;mobileGutter&quot;:10,&quot;tabletGutter&quot;:10,&quot;desktopGutter&quot;:10,&quot;enableResponsive&quot;:0,&quot;tabletColumns&quot;:2,&quot;mobileColumns&quot;:1,&quot;lazyLoad&quot;:1,&quot;lightboxOpts&quot;:{&quot;animated&quot;:true,&quot;Thumbs&quot;:{&quot;type&quot;:&quot;modern&quot;,&quot;showOnStart&quot;:false},&quot;Toolbar&quot;:{&quot;display&quot;:{&quot;right&quot;:[&quot;close&quot;]},&quot;enabled&quot;:true},&quot;Carousel&quot;:{&quot;Panzoom&quot;:{&quot;touch&quot;:false},&quot;infinite&quot;:false},&quot;keyboard&quot;:{&quot;Escape&quot;:&quot;close&quot;,&quot;Delete&quot;:&quot;close&quot;,&quot;Backspace&quot;:&quot;close&quot;,&quot;PageUp&quot;:false,&quot;PageDown&quot;:false,&quot;ArrowUp&quot;:false,&quot;ArrowDown&quot;:false,&quot;ArrowRight&quot;:false,&quot;ArrowLeft&quot;:false},&quot;touch&quot;:false,&quot;backdropClick&quot;:false,&quot;l10n&quot;:{&quot;CLOSE&quot;:&quot;Close&quot;,&quot;NEXT&quot;:&quot;Next&quot;,&quot;PREV&quot;:&quot;Previous&quot;,&quot;Error&quot;:&quot;The requested content cannot be loaded. Please try again later.&quot;,&quot;PLAY_START&quot;:&quot;Start slideshow&quot;,&quot;PLAY_STOP&quot;:&quot;Pause slideshow&quot;,&quot;FULL_SCREEN&quot;:&quot;Full screen&quot;,&quot;THUMBS&quot;:&quot;Thumbnails&quot;,&quot;DOWNLOAD&quot;:&quot;Download&quot;,&quot;SHARE&quot;:&quot;Share&quot;,&quot;ZOOM&quot;:&quot;Zoom&quot;,&quot;EMAIL&quot;:&quot;Here is the link to the image : %%image_link%% and this is the link to the gallery : %%gallery_link%%&quot;,&quot;MODAL&quot;:&quot;You can close this modal content with the ESC key&quot;,&quot;ERROR&quot;:&quot;Something Went Wrong, Please Try Again Later&quot;,&quot;IMAGE_ERROR&quot;:&quot;Image Not Found&quot;,&quot;ELEMENT_NOT_FOUND&quot;:&quot;HTML Element Not Found&quot;,&quot;AJAX_NOT_FOUND&quot;:&quot;Error Loading AJAX : Not Found&quot;,&quot;AJAX_FORBIDDEN&quot;:&quot;Error Loading AJAX : Forbidden&quot;,&quot;IFRAME_ERROR&quot;:&quot;Error Loading Page&quot;,&quot;TOGGLE_ZOOM&quot;:&quot;Toggle zoom level&quot;,&quot;TOGGLE_THUMBS&quot;:&quot;Toggle thumbnails&quot;,&quot;TOGGLE_SLIDESHOW&quot;:&quot;Toggle slideshow&quot;,&quot;TOGGLE_FULLSCREEN&quot;:&quot;Toggle full-screen mode&quot;},&quot;Images&quot;:{&quot;Panzoom&quot;:{&quot;maxScale&quot;:2}},&quot;mainClass&quot;:&quot;modula-fancybox-container modula-lightbox-jtg-136&quot;,&quot;Html&quot;:{&quot;videoAutoplay&quot;:0,&quot;videoTpl&quot;:&quot;&lt;video class=\\&quot;fancybox__html5video\\&quot; controls muted playsinline controlsList controlsList=\\&quot;nodownload\\&quot; poster=\\&quot;{{poster}}\\&quot; src=\\&quot;{{src}}\\&quot; type=\\&quot;{{format}}\\&quot; &gt;  Sorry, your browser doesn&#039;t support embedded videos, &lt;a href=\\&quot;{{src}}\\&quot;&gt; download &lt;\\\/a&gt; and watch with your favorite video player! &lt;\\\/video&gt;&quot;}},&quot;inView&quot;:false,&quot;email_subject&quot;:&quot;Check out this awesome image !!&quot;,&quot;email_message&quot;:&quot;Here is the link to the image : %%image_link%% and this is the link to the gallery : %%gallery_link%% &quot;,&quot;lightbox&quot;:&quot;fancybox&quot;}\">\n\n\t\n\t<div  class=\"modula-items\">\n\t\t<div class=\"modula-item effect-pufrobo\" >\n\t<div class=\"modula-item-overlay\"><\/div>\n\n\t<div class=\"modula-item-content\">\n\n\t\t\t\t\n\t\t\t\t\t<a data-image-id=\"10048\" tabindex=\"0\" rel=\"jtg-136\" data-caption=\"\" aria-label=\"Open image in lightbox\" role=\"button\" class=\"tile-inner modula-item-link\"><\/a>\n\t\t\n\t\t<img class=\"pic wp-image-10048 lazyload\"  data-valign=\"middle\" data-halign=\"center\" alt=\"\" data-full=\"https:\/\/corregidora.gob.mx\/portal\/wp-content\/uploads\/2019\/04\/photo5577952569838380993-2.jpg\" title=\"photo5577952569838380993\" width=\"300\" height=\"200\" data-src=\"https:\/\/corregidora.gob.mx\/portal\/wp-content\/uploads\/2019\/04\/photo5577952569838380993-2-300x200.jpg\" data-caption=\"\" data-source=\"modula\" data-srcset=\"https:\/\/corregidora.gob.mx\/portal\/wp-content\/uploads\/2019\/04\/photo5577952569838380993-2.jpg 1280w, https:\/\/corregidora.gob.mx\/portal\/wp-content\/uploads\/2019\/04\/photo5577952569838380993-2-300x200.jpg 300w, https:\/\/corregidora.gob.mx\/portal\/wp-content\/uploads\/2019\/04\/photo5577952569838380993-2-768x512.jpg 768w, https:\/\/corregidora.gob.mx\/portal\/wp-content\/uploads\/2019\/04\/photo5577952569838380993-2-1024x682.jpg 1024w, https:\/\/corregidora.gob.mx\/portal\/wp-content\/uploads\/2019\/04\/photo5577952569838380993-2-20x13.jpg 20w\" data-sizes=\"(max-width: 300px) 100vw, 300px\" \/>\n\t\t<div class=\"figc no-description\">\n\t\t\t<div class=\"figc-inner\">\n\t\t\t\t\t\t\t\t\t<div class='jtg-title'>photo5577952569838380993<\/div>\n\t\t\t\t\t\t\t\t\t\t\t\t\t\t\t<\/div>\n\t\t<\/div>\n\n\t<\/div>\n\n<\/div><div class=\"modula-item effect-pufrobo\" >\n\t<div class=\"modula-item-overlay\"><\/div>\n\n\t<div class=\"modula-item-content\">\n\n\t\t\t\t\n\t\t\t\t\t<a data-image-id=\"10047\" tabindex=\"0\" rel=\"jtg-136\" data-caption=\"\" aria-label=\"Open image in lightbox\" role=\"button\" class=\"tile-inner modula-item-link\"><\/a>\n\t\t\n\t\t<img class=\"pic wp-image-10047 lazyload\"  data-valign=\"middle\" data-halign=\"center\" alt=\"\" data-full=\"https:\/\/corregidora.gob.mx\/portal\/wp-content\/uploads\/2019\/04\/photo5001348442936682603-2.jpg\" title=\"photo5001348442936682603\" width=\"289\" height=\"300\" data-src=\"https:\/\/corregidora.gob.mx\/portal\/wp-content\/uploads\/2019\/04\/photo5001348442936682603-2-289x300.jpg\" data-caption=\"\" data-source=\"modula\" data-srcset=\"https:\/\/corregidora.gob.mx\/portal\/wp-content\/uploads\/2019\/04\/photo5001348442936682603-2.jpg 750w, https:\/\/corregidora.gob.mx\/portal\/wp-content\/uploads\/2019\/04\/photo5001348442936682603-2-289x300.jpg 289w, https:\/\/corregidora.gob.mx\/portal\/wp-content\/uploads\/2019\/04\/photo5001348442936682603-2-20x20.jpg 20w\" data-sizes=\"(max-width: 289px) 100vw, 289px\" \/>\n\t\t<div class=\"figc no-description\">\n\t\t\t<div class=\"figc-inner\">\n\t\t\t\t\t\t\t\t\t<div class='jtg-title'>photo5001348442936682603<\/div>\n\t\t\t\t\t\t\t\t\t\t\t\t\t\t\t<\/div>\n\t\t<\/div>\n\n\t<\/div>\n\n<\/div>\t\t\n\t<\/div>\n\n\t\n\t\n\t<script type=\"application\/ld+json\">\n\t{\n\t\t\"@context\": \"http:\/\/schema.org\",\n\t\t\"@type\"   : \"ImageGallery\",\n\t\t\"id\"      : \"https:\/\/corregidora.gob.mx\/portal\/el-factor-humano-es-el-mas-importante-de-una-organizacion-roberto-sosa\/\",\n\t\t\"url\"     : \"https:\/\/corregidora.gob.mx\/portal\/el-factor-humano-es-el-mas-importante-de-una-organizacion-roberto-sosa\/\"\n\t}\n\n\t<\/script>\n\n\t\n<\/div>\n<p>&nbsp;<\/p>\n","protected":false},"excerpt":{"rendered":"<p>Promueven fortalecimiento de trabajo en equipo, respeto a los Derechos Humanos y responsabilidad, en el programa \u201cMes con Valor\u201d<\/p>\n","protected":false},"author":15,"featured_media":10048,"comment_status":"closed","ping_status":"open","sticky":false,"template":"","format":"standard","meta":[],"categories":[234],"tags":[],"_links":{"self":[{"href":"https:\/\/corregidora.gob.mx\/portal\/wp-json\/wp\/v2\/posts\/10039"}],"collection":[{"href":"https:\/\/corregidora.gob.mx\/portal\/wp-json\/wp\/v2\/posts"}],"about":[{"href":"https:\/\/corregidora.gob.mx\/portal\/wp-json\/wp\/v2\/types\/post"}],"author":[{"embeddable":true,"href":"https:\/\/corregidora.gob.mx\/portal\/wp-json\/wp\/v2\/users\/15"}],"replies":[{"embeddable":true,"href":"https:\/\/corregidora.gob.mx\/portal\/wp-json\/wp\/v2\/comments?post=10039"}],"version-history":[{"count":4,"href":"https:\/\/corregidora.gob.mx\/portal\/wp-json\/wp\/v2\/posts\/10039\/revisions"}],"predecessor-version":[{"id":10050,"href":"https:\/\/corregidora.gob.mx\/portal\/wp-json\/wp\/v2\/posts\/10039\/revisions\/10050"}],"wp:featuredmedia":[{"embeddable":true,"href":"https:\/\/corregidora.gob.mx\/portal\/wp-json\/wp\/v2\/media\/10048"}],"wp:attachment":[{"href":"https:\/\/corregidora.gob.mx\/portal\/wp-json\/wp\/v2\/media?parent=10039"}],"wp:term":[{"taxonomy":"category","embeddable":true,"href":"https:\/\/corregidora.gob.mx\/portal\/wp-json\/wp\/v2\/categories?post=10039"},{"taxonomy":"post_tag","embeddable":true,"href":"https:\/\/corregidora.gob.mx\/portal\/wp-json\/wp\/v2\/tags?post=10039"}],"curies":[{"name":"wp","href":"https:\/\/api.w.org\/{rel}","templated":true}]}}